{"id":16675,"date":"2025-12-05T11:35:29","date_gmt":"2025-12-05T11:35:29","guid":{"rendered":"https:\/\/pfi-germany.de\/?p=16675"},"modified":"2026-01-06T13:47:49","modified_gmt":"2026-01-06T13:47:49","slug":"interview-prof-dr-schell","status":"publish","type":"post","link":"https:\/\/pfi-germany.de\/en\/interview-prof-dr-schell\/","title":{"rendered":"Frischer Wind am PFI &#8211; Michael Tackenberg im Austausch mit dem neuen PFI Institutsleiter Prof. Dr.-Ing. G\u00fcnter Schell"},"content":{"rendered":"<div class=\"wp-block-group has-global-padding is-layout-constrained wp-block-group-is-layout-constrained\">\n<div class=\"wp-block-columns alignwide is-layout-flex wp-container-core-columns-is-layout-28f84493 wp-block-columns-is-layout-flex\">\n<div class=\"wp-block-column is-layout-flow wp-block-column-is-layout-flow\" style=\"flex-basis:100%\">\n<div class=\"wp-block-group is-vertical is-layout-flex wp-container-core-group-is-layout-fe9cc265 wp-block-group-is-layout-flex\">\n<p>Mit <strong>Prof. Dr.-Ing. G\u00fcnter Schell<\/strong> \u00fcbernimmt zum 5. Januar ein Materialwissenschaftler und Maschinenbauingenieur die Leitung des PFI<strong>.<\/strong> Im Interview mit dem <strong>Vorstandsvorsitzenden Michael Tackenberg<\/strong> spricht er dar\u00fcber, warum ihn die Interdisziplinarit\u00e4t besonders reizt, welche Rolle Teamgeist, Internationalit\u00e4t und Kundenn\u00e4he f\u00fcr ihn spielen \u2013 und weshalb f\u00fcr ihn am Ende immer der Mensch im Mittelpunkt steht.<\/p>\n\n\n\n<p><strong>You will be managing the PFI in Pirmasens from 5 January. I am very much looking forward to working with you.<\/strong><\/p>\n\n\n\n<p><strong>Was reizt Sie an der neuen Aufgabe?<\/strong><\/p>\n\n\n\n<p><strong>Prof. Dr.-Ing. G\u00fcnter Schell: <\/strong>I like the interdisciplinary approach. The PFI combines scientific excellence with practical relevance and strong partners from industry and associations.<\/p>\n\n\n\n<p><strong>You're not from the leather industry \u2013 so where are you from?<\/strong><\/p>\n\n\n\n<p><strong>Prof. Dr.-Ing. G\u00fcnter Schell: <\/strong>That's right. As a professor of materials science and a doctor of mechanical engineering, I worked at KIT (Karlsruhe Institute of Technology) on ceramic materials, high-performance ceramics and technologies. My work there encompassed both areas: research and teaching. I see parallels with PFI here. Both industries also require a broad understanding of the subject matter: in the world of ceramics, the entire process chain must be right, from powder to component \u2013 the same applies to leather and shoes.<\/p>\n\n\n\n<p><strong>Have you had any previous experience with leather or footwear?<\/strong><\/p>\n\n\n\n<p><strong>Prof. Dr.-Ing. G\u00fcnter Schell: <\/strong>Yes, actually. Although more in my personal life. After an accident, wearing custom-made orthopaedic shoes helped to alleviate my pain and restore balance to my gait and body. Incidentally, I also consider these areas \u2013 medicine, sport and orthopaedics \u2013 to be important and exciting for the PFI.<\/p>\n\n\n\n<p class=\"translation-block\"><strong>Where do you see similarities or synergies with your previous job?<\/strong><\/p>\n\n\n\n<p><strong>Prof. Dr.-Ing. G\u00fcnter Schell: <\/strong>On the one hand, there is a lot of overlap in the areas of materials, research and testing. On the other hand, the application of the product plays an important role. The focus here is always on people. So I also see synergies in the areas of qualification, manufacturing and application.<\/p>\n\n\n\n<p class=\"translation-block\"><strong>This question may be a little premature, but do you have any goals? Any special plans?<\/strong><\/p>\n\n\n\n<p><strong>Prof. Dr.-Ing. G\u00fcnter Schell: <\/strong>The PFI is already visible today. But I would like to expand this visibility. With more marketing and more personal presence \u2013 and beyond the industry.<\/p>\n\n\n\n<p><strong>What is generally important to you in your work?<\/strong><\/p>\n\n\n\n<p><strong>Prof. Dr.-Ing. G\u00fcnter Schell: <\/strong>Internally, I want to strengthen the team and externally intensify dialogue with partners and customers. I see these projects as being both internally focused and spanning the various locations. It is important that we position ourselves together. The terms \u2018team\u2019 and \u2018people\u2019 must be filled with content \u2013 that brings added value. Last but not least, I am keen to promote the creativity of PFI employees, to dare to try new things and to make things happen.<\/p>\n\n\n\n<p><strong>Your academic standards are high. How do you think science and practice can be reconciled in your new role at the PFI?<\/strong><\/p>\n\n\n\n<p><strong>Prof. Dr.-Ing. G\u00fcnter Schell: <\/strong>The scientific standards are also very high at PFI. It's about generating knowledge and making that knowledge visible. The standards lie in the details, in understanding the product and implementing it appropriately. We need to know what makes the people who use the product tick. These adjustments are important for understanding the big picture \u2013 internally, but also with regard to our customers.<\/p>\n\n\n\n<p><strong>What role does internationality play for you?<\/strong><\/p>\n\n\n\n<p><strong>Prof. Dr.-Ing. G\u00fcnter Schell: <\/strong>Internationality plays a major role. We cannot retreat into our own little world. We must present ourselves to the whole world and take different value systems into account. Together with the fantastic team, I want to further develop the PFI, shape opportunities together and make the PFI's expertise visible and effective worldwide.<\/p>\n<\/div>\n<\/div>\n<\/div>\n<\/div>\n\n\n\n<div class=\"wp-block-group is-layout-flow wp-block-group-is-layout-flow\" style=\"padding-right:0;padding-left:0\">\n<div class=\"wp-block-group alignfull is-content-justification-center is-nowrap is-layout-flex wp-container-core-group-is-layout-023ea1b8 wp-block-group-is-layout-flex\" style=\"margin-top:0;margin-bottom:0;padding-top:var(--wp--preset--spacing--20);padding-bottom:var(--wp--preset--spacing--20)\">\n<div class=\"gradient-separator-up\"><\/div>\n<\/div>\n\n\n\n<p class=\"has-text-align-center wp-container-content-0733e5d0\"><strong>Sign up for our newsletter to stay up to date.<\/strong><\/p>\n\n\n\n<p class=\"has-text-align-center wp-container-content-0733e5d0\">Did you enjoy our blog article? Then sign up for our newsletter today! Published quarterly, it provides exciting insights into all things PFI. Stay informed about the latest topics in research, development, and testing\u2014always up to date!&nbsp;<\/p>\n\n\n\n<div class=\"wp-block-buttons is-content-justification-center is-layout-flex wp-container-core-buttons-is-layout-10860990 wp-block-buttons-is-layout-flex\" style=\"padding-top:var(--wp--preset--spacing--10);padding-bottom:var(--wp--preset--spacing--10)\">\n<div class=\"wp-block-button has-custom-font-size\" style=\"font-size:clamp(0.875rem, 0.875rem + ((1vw - 0.2rem) * 0.708), 1.3rem);\"><a class=\"wp-block-button__link has-white-color has-pfi-blue-background-color has-text-color has-background has-link-color wp-element-button\" href=\"https:\/\/pfi-germany.de\/en\/newsletteranmeldung\/\" style=\"padding-right:var(--wp--preset--spacing--30);padding-left:var(--wp--preset--spacing--30)\">Newsletter Registration<\/a><\/div>\n<\/div>\n<\/div>","protected":false},"excerpt":{"rendered":"<p>Mit Prof. Dr.-Ing. G\u00fcnter Schell \u00fcbernimmt zum 5. Januar ein Materialwissenschaftler und Maschinenbauingenieur die Leitung des PFI. Im Interview spricht er dar\u00fcber, warum ihn die Interdisziplinarit\u00e4t besonders reizt, welche Rolle Teamgeist, Internationalit\u00e4t und Kundenn\u00e4he f\u00fcr ihn spielen \u2013 und weshalb f\u00fcr ihn am Ende immer der Mensch im Mittelpunkt steht.<\/p>","protected":false},"author":4,"featured_media":16677,"comment_status":"closed","ping_status":"closed","sticky":false,"template":"blog-allgm","format":"standard","meta":{"footnotes":""},"categories":[55,9],"tags":[57],"class_list":["post-16675","post","type-post","status-publish","format-standard","has-post-thumbnail","hentry","category-pfi-blog","category-news","tag-institutnews"],"yoast_head":"<!-- This site is optimized with the Yoast SEO plugin v27.3 - https:\/\/yoast.com\/product\/yoast-seo-wordpress\/ -->\n<title>Interview mit Prof. Dr. G\u00fcnter Schell: Neue Leitung am PFI<\/title>\n<meta name=\"description\" content=\"Prof. Dr. G\u00fcnter Schell \u00fcbernimmt ab 5. Januar die Leitung des PFI. Er spricht \u00fcber Interdisziplinarit\u00e4t, Teamgeist, Kundenn\u00e4he und Innovation.\u201c\" \/>\n<meta name=\"robots\" content=\"index, follow, max-snippet:-1, max-image-preview:large, max-video-preview:-1\" \/>\n<link rel=\"canonical\" href=\"https:\/\/pfi-germany.de\/en\/interview-prof-dr-schell\/\" \/>\n<meta property=\"og:locale\" content=\"en_GB\" \/>\n<meta property=\"og:type\" content=\"article\" \/>\n<meta property=\"og:title\" content=\"Interview mit Prof. Dr. G\u00fcnter Schell: Neue Leitung am PFI\" \/>\n<meta property=\"og:description\" content=\"Prof. Dr. G\u00fcnter Schell \u00fcbernimmt ab 5. Januar die Leitung des PFI. Er spricht \u00fcber Interdisziplinarit\u00e4t, Teamgeist, Kundenn\u00e4he und Innovation.\u201c\" \/>\n<meta property=\"og:url\" content=\"https:\/\/pfi-germany.de\/en\/interview-prof-dr-schell\/\" \/>\n<meta property=\"og:site_name\" content=\"Pr\u00fcf- und Forschungsinstitut Pirmasens e.V.\" \/>\n<meta property=\"article:publisher\" content=\"https:\/\/www.facebook.com\/people\/Pruef-und-Forschungsinstitut-Pirmasens-e-V\/100057088164342\/\" \/>\n<meta property=\"article:published_time\" content=\"2025-12-05T11:35:29+00:00\" \/>\n<meta property=\"article:modified_time\" content=\"2026-01-06T13:47:49+00:00\" \/>\n<meta property=\"og:image\" content=\"https:\/\/pfi-germany.de\/wp-content\/uploads\/2025\/12\/11ae42cb-6594-4159-b921-1d2af7617dca-scaled.jpg\" \/>\n\t<meta property=\"og:image:width\" content=\"2560\" \/>\n\t<meta property=\"og:image:height\" content=\"1920\" \/>\n\t<meta property=\"og:image:type\" content=\"image\/jpeg\" \/>\n<meta name=\"author\" content=\"SSchaefer\" \/>\n<meta name=\"twitter:card\" content=\"summary_large_image\" \/>\n<meta name=\"twitter:label1\" content=\"Written by\" \/>\n\t<meta name=\"twitter:data1\" content=\"SSchaefer\" \/>\n\t<meta name=\"twitter:label2\" content=\"Estimated reading time\" \/>\n\t<meta name=\"twitter:data2\" content=\"4 minutes\" \/>\n<script type=\"application\/ld+json\" class=\"yoast-schema-graph\">{\"@context\":\"https:\\\/\\\/schema.org\",\"@graph\":[{\"@type\":\"Article\",\"@id\":\"https:\\\/\\\/pfi-germany.de\\\/interview-prof-dr-schell\\\/#article\",\"isPartOf\":{\"@id\":\"https:\\\/\\\/pfi-germany.de\\\/interview-prof-dr-schell\\\/\"},\"author\":{\"name\":\"SSchaefer\",\"@id\":\"https:\\\/\\\/pfi-germany.de\\\/de\\\/#\\\/schema\\\/person\\\/3fdc587dbd4a7441ddae9c5c0a3623f2\"},\"headline\":\"Frischer Wind am PFI &#8211; Michael Tackenberg im Austausch mit dem neuen PFI Institutsleiter Prof. Dr.-Ing. G\u00fcnter Schell\",\"datePublished\":\"2025-12-05T11:35:29+00:00\",\"dateModified\":\"2026-01-06T13:47:49+00:00\",\"mainEntityOfPage\":{\"@id\":\"https:\\\/\\\/pfi-germany.de\\\/interview-prof-dr-schell\\\/\"},\"wordCount\":678,\"publisher\":{\"@id\":\"https:\\\/\\\/pfi-germany.de\\\/de\\\/#organization\"},\"image\":{\"@id\":\"https:\\\/\\\/pfi-germany.de\\\/interview-prof-dr-schell\\\/#primaryimage\"},\"thumbnailUrl\":\"https:\\\/\\\/pfi-germany.de\\\/wp-content\\\/uploads\\\/2025\\\/12\\\/11ae42cb-6594-4159-b921-1d2af7617dca-scaled.jpg\",\"keywords\":[\"#Institutnews\"],\"articleSection\":[\"Fachwissen &amp; Insights\",\"News aus dem Institut\"],\"inLanguage\":\"en-GB\"},{\"@type\":\"WebPage\",\"@id\":\"https:\\\/\\\/pfi-germany.de\\\/interview-prof-dr-schell\\\/\",\"url\":\"https:\\\/\\\/pfi-germany.de\\\/interview-prof-dr-schell\\\/\",\"name\":\"Interview mit Prof. Dr. G\u00fcnter Schell: Neue Leitung am PFI\",\"isPartOf\":{\"@id\":\"https:\\\/\\\/pfi-germany.de\\\/de\\\/#website\"},\"primaryImageOfPage\":{\"@id\":\"https:\\\/\\\/pfi-germany.de\\\/interview-prof-dr-schell\\\/#primaryimage\"},\"image\":{\"@id\":\"https:\\\/\\\/pfi-germany.de\\\/interview-prof-dr-schell\\\/#primaryimage\"},\"thumbnailUrl\":\"https:\\\/\\\/pfi-germany.de\\\/wp-content\\\/uploads\\\/2025\\\/12\\\/11ae42cb-6594-4159-b921-1d2af7617dca-scaled.jpg\",\"datePublished\":\"2025-12-05T11:35:29+00:00\",\"dateModified\":\"2026-01-06T13:47:49+00:00\",\"description\":\"Prof. Dr. G\u00fcnter Schell \u00fcbernimmt ab 5. Januar die Leitung des PFI. Er spricht \u00fcber Interdisziplinarit\u00e4t, Teamgeist, Kundenn\u00e4he und Innovation.\u201c\",\"breadcrumb\":{\"@id\":\"https:\\\/\\\/pfi-germany.de\\\/interview-prof-dr-schell\\\/#breadcrumb\"},\"inLanguage\":\"en-GB\",\"potentialAction\":[{\"@type\":\"ReadAction\",\"target\":[\"https:\\\/\\\/pfi-germany.de\\\/interview-prof-dr-schell\\\/\"]}]},{\"@type\":\"ImageObject\",\"inLanguage\":\"en-GB\",\"@id\":\"https:\\\/\\\/pfi-germany.de\\\/interview-prof-dr-schell\\\/#primaryimage\",\"url\":\"https:\\\/\\\/pfi-germany.de\\\/wp-content\\\/uploads\\\/2025\\\/12\\\/11ae42cb-6594-4159-b921-1d2af7617dca-scaled.jpg\",\"contentUrl\":\"https:\\\/\\\/pfi-germany.de\\\/wp-content\\\/uploads\\\/2025\\\/12\\\/11ae42cb-6594-4159-b921-1d2af7617dca-scaled.jpg\",\"width\":2560,\"height\":1920},{\"@type\":\"BreadcrumbList\",\"@id\":\"https:\\\/\\\/pfi-germany.de\\\/interview-prof-dr-schell\\\/#breadcrumb\",\"itemListElement\":[{\"@type\":\"ListItem\",\"position\":1,\"name\":\"Home\",\"item\":\"https:\\\/\\\/pfi-germany.de\\\/\"},{\"@type\":\"ListItem\",\"position\":2,\"name\":\"Frischer Wind am PFI &#8211; Michael Tackenberg im Austausch mit dem neuen PFI Institutsleiter Prof. Dr.-Ing. G\u00fcnter Schell\"}]},{\"@type\":\"WebSite\",\"@id\":\"https:\\\/\\\/pfi-germany.de\\\/de\\\/#website\",\"url\":\"https:\\\/\\\/pfi-germany.de\\\/de\\\/\",\"name\":\"PFI 2024\",\"description\":\"\",\"publisher\":{\"@id\":\"https:\\\/\\\/pfi-germany.de\\\/de\\\/#organization\"},\"potentialAction\":[{\"@type\":\"SearchAction\",\"target\":{\"@type\":\"EntryPoint\",\"urlTemplate\":\"https:\\\/\\\/pfi-germany.de\\\/de\\\/?s={search_term_string}\"},\"query-input\":{\"@type\":\"PropertyValueSpecification\",\"valueRequired\":true,\"valueName\":\"search_term_string\"}}],\"inLanguage\":\"en-GB\"},{\"@type\":\"Organization\",\"@id\":\"https:\\\/\\\/pfi-germany.de\\\/de\\\/#organization\",\"name\":\"PFI 2024\",\"url\":\"https:\\\/\\\/pfi-germany.de\\\/de\\\/\",\"logo\":{\"@type\":\"ImageObject\",\"inLanguage\":\"en-GB\",\"@id\":\"https:\\\/\\\/pfi-germany.de\\\/de\\\/#\\\/schema\\\/logo\\\/image\\\/\",\"url\":\"https:\\\/\\\/pfi-germany.de\\\/wp-content\\\/uploads\\\/2024\\\/09\\\/logo.jpg\",\"contentUrl\":\"https:\\\/\\\/pfi-germany.de\\\/wp-content\\\/uploads\\\/2024\\\/09\\\/logo.jpg\",\"width\":329,\"height\":120,\"caption\":\"PFI 2024\"},\"image\":{\"@id\":\"https:\\\/\\\/pfi-germany.de\\\/de\\\/#\\\/schema\\\/logo\\\/image\\\/\"},\"sameAs\":[\"https:\\\/\\\/www.facebook.com\\\/people\\\/Pruef-und-Forschungsinstitut-Pirmasens-e-V\\\/100057088164342\\\/\",\"https:\\\/\\\/www.instagram.com\\\/pfi_germany\\\/\",\"https:\\\/\\\/www.youtube.com\\\/channel\\\/UCITCYhey0fqJRRjiH7Gw3sg\",\"https:\\\/\\\/de.linkedin.com\\\/company\\\/pfi-germany\"]},{\"@type\":\"Person\",\"@id\":\"https:\\\/\\\/pfi-germany.de\\\/de\\\/#\\\/schema\\\/person\\\/3fdc587dbd4a7441ddae9c5c0a3623f2\",\"name\":\"SSchaefer\",\"image\":{\"@type\":\"ImageObject\",\"inLanguage\":\"en-GB\",\"@id\":\"https:\\\/\\\/secure.gravatar.com\\\/avatar\\\/4cdc792ce8845448b375e79a6ab7c785431420281219e84046192c8133223580?s=96&d=mm&r=g\",\"url\":\"https:\\\/\\\/secure.gravatar.com\\\/avatar\\\/4cdc792ce8845448b375e79a6ab7c785431420281219e84046192c8133223580?s=96&d=mm&r=g\",\"contentUrl\":\"https:\\\/\\\/secure.gravatar.com\\\/avatar\\\/4cdc792ce8845448b375e79a6ab7c785431420281219e84046192c8133223580?s=96&d=mm&r=g\",\"caption\":\"SSchaefer\"},\"url\":\"https:\\\/\\\/pfi-germany.de\\\/en\\\/author\\\/sschaefer\\\/\"}]}<\/script>\n<!-- \/ Yoast SEO plugin. -->","yoast_head_json":{"title":"Interview mit Prof. Dr. G\u00fcnter Schell: Neue Leitung am PFI","description":"Prof. Dr. G\u00fcnter Schell \u00fcbernimmt ab 5. Januar die Leitung des PFI. Er spricht \u00fcber Interdisziplinarit\u00e4t, Teamgeist, Kundenn\u00e4he und Innovation.\u201c","robots":{"index":"index","follow":"follow","max-snippet":"max-snippet:-1","max-image-preview":"max-image-preview:large","max-video-preview":"max-video-preview:-1"},"canonical":"https:\/\/pfi-germany.de\/en\/interview-prof-dr-schell\/","og_locale":"en_GB","og_type":"article","og_title":"Interview mit Prof. Dr. G\u00fcnter Schell: Neue Leitung am PFI","og_description":"Prof. Dr. G\u00fcnter Schell \u00fcbernimmt ab 5. Januar die Leitung des PFI. Er spricht \u00fcber Interdisziplinarit\u00e4t, Teamgeist, Kundenn\u00e4he und Innovation.\u201c","og_url":"https:\/\/pfi-germany.de\/en\/interview-prof-dr-schell\/","og_site_name":"Pr\u00fcf- und Forschungsinstitut Pirmasens e.V.","article_publisher":"https:\/\/www.facebook.com\/people\/Pruef-und-Forschungsinstitut-Pirmasens-e-V\/100057088164342\/","article_published_time":"2025-12-05T11:35:29+00:00","article_modified_time":"2026-01-06T13:47:49+00:00","og_image":[{"width":2560,"height":1920,"url":"https:\/\/pfi-germany.de\/wp-content\/uploads\/2025\/12\/11ae42cb-6594-4159-b921-1d2af7617dca-scaled.jpg","type":"image\/jpeg"}],"author":"SSchaefer","twitter_card":"summary_large_image","twitter_misc":{"Written by":"SSchaefer","Estimated reading time":"4 minutes"},"schema":{"@context":"https:\/\/schema.org","@graph":[{"@type":"Article","@id":"https:\/\/pfi-germany.de\/interview-prof-dr-schell\/#article","isPartOf":{"@id":"https:\/\/pfi-germany.de\/interview-prof-dr-schell\/"},"author":{"name":"SSchaefer","@id":"https:\/\/pfi-germany.de\/de\/#\/schema\/person\/3fdc587dbd4a7441ddae9c5c0a3623f2"},"headline":"Frischer Wind am PFI &#8211; Michael Tackenberg im Austausch mit dem neuen PFI Institutsleiter Prof. Dr.-Ing. G\u00fcnter Schell","datePublished":"2025-12-05T11:35:29+00:00","dateModified":"2026-01-06T13:47:49+00:00","mainEntityOfPage":{"@id":"https:\/\/pfi-germany.de\/interview-prof-dr-schell\/"},"wordCount":678,"publisher":{"@id":"https:\/\/pfi-germany.de\/de\/#organization"},"image":{"@id":"https:\/\/pfi-germany.de\/interview-prof-dr-schell\/#primaryimage"},"thumbnailUrl":"https:\/\/pfi-germany.de\/wp-content\/uploads\/2025\/12\/11ae42cb-6594-4159-b921-1d2af7617dca-scaled.jpg","keywords":["#Institutnews"],"articleSection":["Fachwissen &amp; Insights","News aus dem Institut"],"inLanguage":"en-GB"},{"@type":"WebPage","@id":"https:\/\/pfi-germany.de\/interview-prof-dr-schell\/","url":"https:\/\/pfi-germany.de\/interview-prof-dr-schell\/","name":"Interview mit Prof. Dr. G\u00fcnter Schell: Neue Leitung am PFI","isPartOf":{"@id":"https:\/\/pfi-germany.de\/de\/#website"},"primaryImageOfPage":{"@id":"https:\/\/pfi-germany.de\/interview-prof-dr-schell\/#primaryimage"},"image":{"@id":"https:\/\/pfi-germany.de\/interview-prof-dr-schell\/#primaryimage"},"thumbnailUrl":"https:\/\/pfi-germany.de\/wp-content\/uploads\/2025\/12\/11ae42cb-6594-4159-b921-1d2af7617dca-scaled.jpg","datePublished":"2025-12-05T11:35:29+00:00","dateModified":"2026-01-06T13:47:49+00:00","description":"Prof. Dr. G\u00fcnter Schell \u00fcbernimmt ab 5. Januar die Leitung des PFI. Er spricht \u00fcber Interdisziplinarit\u00e4t, Teamgeist, Kundenn\u00e4he und Innovation.\u201c","breadcrumb":{"@id":"https:\/\/pfi-germany.de\/interview-prof-dr-schell\/#breadcrumb"},"inLanguage":"en-GB","potentialAction":[{"@type":"ReadAction","target":["https:\/\/pfi-germany.de\/interview-prof-dr-schell\/"]}]},{"@type":"ImageObject","inLanguage":"en-GB","@id":"https:\/\/pfi-germany.de\/interview-prof-dr-schell\/#primaryimage","url":"https:\/\/pfi-germany.de\/wp-content\/uploads\/2025\/12\/11ae42cb-6594-4159-b921-1d2af7617dca-scaled.jpg","contentUrl":"https:\/\/pfi-germany.de\/wp-content\/uploads\/2025\/12\/11ae42cb-6594-4159-b921-1d2af7617dca-scaled.jpg","width":2560,"height":1920},{"@type":"BreadcrumbList","@id":"https:\/\/pfi-germany.de\/interview-prof-dr-schell\/#breadcrumb","itemListElement":[{"@type":"ListItem","position":1,"name":"Home","item":"https:\/\/pfi-germany.de\/"},{"@type":"ListItem","position":2,"name":"Frischer Wind am PFI &#8211; Michael Tackenberg im Austausch mit dem neuen PFI Institutsleiter Prof. Dr.-Ing. G\u00fcnter Schell"}]},{"@type":"WebSite","@id":"https:\/\/pfi-germany.de\/de\/#website","url":"https:\/\/pfi-germany.de\/de\/","name":"PFI 2024","description":"","publisher":{"@id":"https:\/\/pfi-germany.de\/de\/#organization"},"potentialAction":[{"@type":"SearchAction","target":{"@type":"EntryPoint","urlTemplate":"https:\/\/pfi-germany.de\/de\/?s={search_term_string}"},"query-input":{"@type":"PropertyValueSpecification","valueRequired":true,"valueName":"search_term_string"}}],"inLanguage":"en-GB"},{"@type":"Organization","@id":"https:\/\/pfi-germany.de\/de\/#organization","name":"PFI 2024","url":"https:\/\/pfi-germany.de\/de\/","logo":{"@type":"ImageObject","inLanguage":"en-GB","@id":"https:\/\/pfi-germany.de\/de\/#\/schema\/logo\/image\/","url":"https:\/\/pfi-germany.de\/wp-content\/uploads\/2024\/09\/logo.jpg","contentUrl":"https:\/\/pfi-germany.de\/wp-content\/uploads\/2024\/09\/logo.jpg","width":329,"height":120,"caption":"PFI 2024"},"image":{"@id":"https:\/\/pfi-germany.de\/de\/#\/schema\/logo\/image\/"},"sameAs":["https:\/\/www.facebook.com\/people\/Pruef-und-Forschungsinstitut-Pirmasens-e-V\/100057088164342\/","https:\/\/www.instagram.com\/pfi_germany\/","https:\/\/www.youtube.com\/channel\/UCITCYhey0fqJRRjiH7Gw3sg","https:\/\/de.linkedin.com\/company\/pfi-germany"]},{"@type":"Person","@id":"https:\/\/pfi-germany.de\/de\/#\/schema\/person\/3fdc587dbd4a7441ddae9c5c0a3623f2","name":"SSchaefer","image":{"@type":"ImageObject","inLanguage":"en-GB","@id":"https:\/\/secure.gravatar.com\/avatar\/4cdc792ce8845448b375e79a6ab7c785431420281219e84046192c8133223580?s=96&d=mm&r=g","url":"https:\/\/secure.gravatar.com\/avatar\/4cdc792ce8845448b375e79a6ab7c785431420281219e84046192c8133223580?s=96&d=mm&r=g","contentUrl":"https:\/\/secure.gravatar.com\/avatar\/4cdc792ce8845448b375e79a6ab7c785431420281219e84046192c8133223580?s=96&d=mm&r=g","caption":"SSchaefer"},"url":"https:\/\/pfi-germany.de\/en\/author\/sschaefer\/"}]}},"_links":{"self":[{"href":"https:\/\/pfi-germany.de\/en\/wp-json\/wp\/v2\/posts\/16675","targetHints":{"allow":["GET"]}}],"collection":[{"href":"https:\/\/pfi-germany.de\/en\/wp-json\/wp\/v2\/posts"}],"about":[{"href":"https:\/\/pfi-germany.de\/en\/wp-json\/wp\/v2\/types\/post"}],"author":[{"embeddable":true,"href":"https:\/\/pfi-germany.de\/en\/wp-json\/wp\/v2\/users\/4"}],"replies":[{"embeddable":true,"href":"https:\/\/pfi-germany.de\/en\/wp-json\/wp\/v2\/comments?post=16675"}],"version-history":[{"count":8,"href":"https:\/\/pfi-germany.de\/en\/wp-json\/wp\/v2\/posts\/16675\/revisions"}],"predecessor-version":[{"id":17528,"href":"https:\/\/pfi-germany.de\/en\/wp-json\/wp\/v2\/posts\/16675\/revisions\/17528"}],"wp:featuredmedia":[{"embeddable":true,"href":"https:\/\/pfi-germany.de\/en\/wp-json\/wp\/v2\/media\/16677"}],"wp:attachment":[{"href":"https:\/\/pfi-germany.de\/en\/wp-json\/wp\/v2\/media?parent=16675"}],"wp:term":[{"taxonomy":"category","embeddable":true,"href":"https:\/\/pfi-germany.de\/en\/wp-json\/wp\/v2\/categories?post=16675"},{"taxonomy":"post_tag","embeddable":true,"href":"https:\/\/pfi-germany.de\/en\/wp-json\/wp\/v2\/tags?post=16675"}],"curies":[{"name":"wp","href":"https:\/\/api.w.org\/{rel}","templated":true}]}}