{"id":16153,"date":"2025-11-28T12:20:19","date_gmt":"2025-11-28T12:20:19","guid":{"rendered":"https:\/\/pfi-germany.de\/?p=16153"},"modified":"2026-01-06T13:46:09","modified_gmt":"2026-01-06T13:46:09","slug":"neue-institutsleitung","status":"publish","type":"post","link":"https:\/\/pfi-germany.de\/en\/neue-institutsleitung\/","title":{"rendered":"PFI stellt neuen Institutsleiter vor: Prof. Dr.-Ing. G\u00fcnter Schell \u00fcbernimmt ab 2026"},"content":{"rendered":"<div class=\"wp-block-group has-global-padding is-layout-constrained wp-block-group-is-layout-constrained\">\n<div class=\"wp-block-columns alignwide is-layout-flex wp-container-core-columns-is-layout-28f84493 wp-block-columns-is-layout-flex\">\n<div class=\"wp-block-column is-layout-flow wp-block-column-is-layout-flow\" style=\"flex-basis:100%\">\n<div class=\"wp-block-group is-vertical is-layout-flex wp-container-core-group-is-layout-fe9cc265 wp-block-group-is-layout-flex\">\n<p>Anl\u00e4sslich der turnusm\u00e4\u00dfigen Mitgliederversammlung des Pr\u00fcf- und Forschungsinstituts Pirmasens e.V. (PFI) am 27. November wurde der zuk\u00fcnftige Leiter des renommierten Instituts vorgestellt. Ab dem 5. Januar 2026 wird Prof. Dr.-Ing. G\u00fcnter Schell die Leitung des PFI \u00fcbernehmen. Er tritt damit die Nachfolge von Dr. Kerstin Schulte an, die das Institut im letzten Jahr verlassen hat.<\/p>\n\n\n\n<p>Prof. Dr.-Ing. G\u00fcnter Schell verf\u00fcgt \u00fcber langj\u00e4hrige Erfahrung in den Bereichen Forschung, Entwicklung und Zertifizieren. Der Professor f\u00fcr Materialwissenschaft und promovierte Maschinenbauingenieur kommt vom KIT (Karlsruher Institut f\u00fcr Technologie), an dem er nach Stationen als Gruppenleiter Prozesstechnik und Laborleiter f\u00fcr angewandte Materialien (Keramische Werkstoffe und Technologien) 2022 zum au\u00dferplanm\u00e4\u00dfigen Professor berufen wurde.<\/p>\n\n\n\n<p><em>\u201eIch freue mich sehr auf die neue Aufgabe und darauf, gemeinsam mit dem Team das PFI als modernes, vernetztes und gesellschaftlich relevantes Zentrum f\u00fcr Pr\u00fcfung, Forschung und Qualit\u00e4tssicherung weiterzuentwickeln\u201c,<\/em> sagt <strong>Prof. Dr.-Ing.<\/strong> <strong>G\u00fcnter Schell.<\/strong><\/p>\n\n\n\n<p>Mehr Marketing, die F\u00f6rderung von Kreativit\u00e4t und Innovation sowie die Internationalisierung des PFI stehen dar\u00fcber hinaus auf der Bucket List des 46-J\u00e4hrigen. Zudem m\u00f6chte Prof. Dr. G\u00fcnter Schell die Sichtbarkeit des Instituts st\u00e4rken und neue Formate f\u00fcr <strong>Wissenstransfer und Wirtschaftspartnerschafte<\/strong>n etablieren. <\/p>\n\n\n\n<p>Michael Tackenberg, der f\u00fcr weitere drei Jahre wieder gew\u00e4hlte Vorsitzende des PFI, begr\u00fc\u00dft die Entscheidung, die den bereits in diesem Jahr erfolgreich angesto\u00dfenen Change im PFI weiter vorantreiben wird: <em>\u201eMit <strong>Prof. Dr. G\u00fcnter Schell<\/strong> gewinnen wir eine Pers\u00f6nlichkeit, die wissenschaftliche Exzellenz mit moderner F\u00fchrung verbindet. Wir sind \u00fcberzeugt, dass er die Au\u00dfenwirkung st\u00e4rken und das PFI in eine erfolgreiche Zukunft f\u00fchren wird.\u201c<\/em><\/p>\n\n\n\n<p><strong>New PFI Executive Board elected: demonstrating strength through continuity<\/strong><\/p>\n\n\n\n<p>The new PFI Executive Board is composed as follows: Chairman: Michael Tackenberg; 1st Deputy Chairman: Martin Weinzierl (Pfalzgas GmbH); 2nd Deputy Chairman: J\u00f6rg van Elten (Elten Sicherheitsschuhe). The other members of the Executive Board are: Peter Bradler (Gabor), Dr Hans-G\u00fcnther Clev (ZukunftsRegion Westpfalz), Saskia Dietz (Ministry of Economics, Transport, Agriculture and Viticulture of the State of Rhineland-Palatinate), Michael Huth (Steitz Secura), Manfred Junkert, Michael Maas (Mayor of Pirmasens), Ralph Rieker (Ricosta). Long-standing board members Holger Sch\u00e4fer and J\u00fcrgen Durm have stepped down.<\/p>\n<\/div>\n<\/div>\n<\/div>\n<\/div>\n\n\n\n<div class=\"wp-block-group is-layout-flow wp-block-group-is-layout-flow\" style=\"padding-right:0;padding-left:0\">\n<div class=\"wp-block-group alignfull is-content-justification-center is-nowrap is-layout-flex wp-container-core-group-is-layout-023ea1b8 wp-block-group-is-layout-flex\" style=\"margin-top:0;margin-bottom:0;padding-top:var(--wp--preset--spacing--20);padding-bottom:var(--wp--preset--spacing--20)\">\n<div class=\"gradient-separator-up\"><\/div>\n<\/div>\n\n\n\n<p class=\"has-text-align-center wp-container-content-0733e5d0\"><strong>Sign up for our newsletter to stay up to date.<\/strong><\/p>\n\n\n\n<p class=\"has-text-align-center wp-container-content-0733e5d0\">Did you enjoy our blog article? Then sign up for our newsletter today! Published quarterly, it provides exciting insights into all things PFI. Stay informed about the latest topics in research, development, and testing\u2014always up to date!&nbsp;<\/p>\n\n\n\n<div class=\"wp-block-buttons is-content-justification-center is-layout-flex wp-container-core-buttons-is-layout-10860990 wp-block-buttons-is-layout-flex\" style=\"padding-top:var(--wp--preset--spacing--10);padding-bottom:var(--wp--preset--spacing--10)\">\n<div class=\"wp-block-button has-custom-font-size\" style=\"font-size:clamp(0.875rem, 0.875rem + ((1vw - 0.2rem) * 0.708), 1.3rem);\"><a class=\"wp-block-button__link has-white-color has-pfi-blue-background-color has-text-color has-background has-link-color wp-element-button\" href=\"https:\/\/pfi-germany.de\/en\/newsletteranmeldung\/\" style=\"padding-right:var(--wp--preset--spacing--30);padding-left:var(--wp--preset--spacing--30)\">Newsletter Registration<\/a><\/div>\n<\/div>\n<\/div>","protected":false},"excerpt":{"rendered":"<p>Das PFI hat im Rahmen der Mitgliederversammlung seinen zuk\u00fcnftigen Leiter vorgestellt: Ab dem 5. Januar 2026 \u00fcbernimmt Prof. Dr. G\u00fcnter Schell die F\u00fchrung des Instituts. Mit seiner langj\u00e4hrigen Erfahrung in Materialwissenschaft, Forschung und Entwicklung soll er den eingeschlagenen Modernisierungskurs weiter st\u00e4rken und das PFI strategisch in die Zukunft f\u00fchren.<\/p>","protected":false},"author":4,"featured_media":16155,"comment_status":"closed","ping_status":"closed","sticky":false,"template":"blog-allgm","format":"standard","meta":{"footnotes":""},"categories":[55,9],"tags":[57],"class_list":["post-16153","post","type-post","status-publish","format-standard","has-post-thumbnail","hentry","category-pfi-blog","category-news","tag-institutnews"],"yoast_head":"<!-- This site is optimized with the Yoast SEO plugin v27.3 - https:\/\/yoast.com\/product\/yoast-seo-wordpress\/ -->\n<title>PFI stellt neuen Institutsleiter vor \u2013 Prof. Dr. G\u00fcnter Schell \u00fcbernimmt 2026<\/title>\n<meta name=\"description\" content=\"Ab Januar 2026 \u00fcbernimmt Prof. Dr. G\u00fcnter Schell die Leitung des Pr\u00fcf- und Forschungsinstituts Pirmasens. Er bringt langj\u00e4hrige Erfahrung in Forschung, Materialwissenschaft und Entwicklung mit und st\u00e4rkt den Modernisierungskurs des PFI.\" \/>\n<meta name=\"robots\" content=\"index, follow, max-snippet:-1, max-image-preview:large, max-video-preview:-1\" \/>\n<link rel=\"canonical\" href=\"https:\/\/pfi-germany.de\/en\/neue-institutsleitung\/\" \/>\n<meta property=\"og:locale\" content=\"en_GB\" \/>\n<meta property=\"og:type\" content=\"article\" \/>\n<meta property=\"og:title\" content=\"PFI stellt neuen Institutsleiter vor \u2013 Prof. Dr. G\u00fcnter Schell \u00fcbernimmt 2026\" \/>\n<meta property=\"og:description\" content=\"Ab Januar 2026 \u00fcbernimmt Prof. Dr. G\u00fcnter Schell die Leitung des Pr\u00fcf- und Forschungsinstituts Pirmasens. Er bringt langj\u00e4hrige Erfahrung in Forschung, Materialwissenschaft und Entwicklung mit und st\u00e4rkt den Modernisierungskurs des PFI.\" \/>\n<meta property=\"og:url\" content=\"https:\/\/pfi-germany.de\/en\/neue-institutsleitung\/\" \/>\n<meta property=\"og:site_name\" content=\"Pr\u00fcf- und Forschungsinstitut Pirmasens e.V.\" \/>\n<meta property=\"article:publisher\" content=\"https:\/\/www.facebook.com\/people\/Pruef-und-Forschungsinstitut-Pirmasens-e-V\/100057088164342\/\" \/>\n<meta property=\"article:published_time\" content=\"2025-11-28T12:20:19+00:00\" \/>\n<meta property=\"article:modified_time\" content=\"2026-01-06T13:46:09+00:00\" \/>\n<meta property=\"og:image\" content=\"https:\/\/pfi-germany.de\/wp-content\/uploads\/2025\/11\/84201a62-c477-453e-b248-b90b7268cf69-scaled.jpg\" \/>\n\t<meta property=\"og:image:width\" content=\"2560\" \/>\n\t<meta property=\"og:image:height\" content=\"1782\" \/>\n\t<meta property=\"og:image:type\" content=\"image\/jpeg\" \/>\n<meta name=\"author\" content=\"SSchaefer\" \/>\n<meta name=\"twitter:card\" content=\"summary_large_image\" \/>\n<meta name=\"twitter:label1\" content=\"Written by\" \/>\n\t<meta name=\"twitter:data1\" content=\"SSchaefer\" \/>\n\t<meta name=\"twitter:label2\" content=\"Estimated reading time\" \/>\n\t<meta name=\"twitter:data2\" content=\"2 minutes\" \/>\n<script type=\"application\/ld+json\" class=\"yoast-schema-graph\">{\"@context\":\"https:\\\/\\\/schema.org\",\"@graph\":[{\"@type\":\"Article\",\"@id\":\"https:\\\/\\\/pfi-germany.de\\\/neue-institutsleitung\\\/#article\",\"isPartOf\":{\"@id\":\"https:\\\/\\\/pfi-germany.de\\\/neue-institutsleitung\\\/\"},\"author\":{\"name\":\"SSchaefer\",\"@id\":\"https:\\\/\\\/pfi-germany.de\\\/de\\\/#\\\/schema\\\/person\\\/3fdc587dbd4a7441ddae9c5c0a3623f2\"},\"headline\":\"PFI stellt neuen Institutsleiter vor: Prof. Dr.-Ing. G\u00fcnter Schell \u00fcbernimmt ab 2026\",\"datePublished\":\"2025-11-28T12:20:19+00:00\",\"dateModified\":\"2026-01-06T13:46:09+00:00\",\"mainEntityOfPage\":{\"@id\":\"https:\\\/\\\/pfi-germany.de\\\/neue-institutsleitung\\\/\"},\"wordCount\":382,\"publisher\":{\"@id\":\"https:\\\/\\\/pfi-germany.de\\\/de\\\/#organization\"},\"image\":{\"@id\":\"https:\\\/\\\/pfi-germany.de\\\/neue-institutsleitung\\\/#primaryimage\"},\"thumbnailUrl\":\"https:\\\/\\\/pfi-germany.de\\\/wp-content\\\/uploads\\\/2025\\\/11\\\/84201a62-c477-453e-b248-b90b7268cf69-scaled.jpg\",\"keywords\":[\"#Institutnews\"],\"articleSection\":[\"Fachwissen &amp; Insights\",\"News aus dem Institut\"],\"inLanguage\":\"en-GB\"},{\"@type\":\"WebPage\",\"@id\":\"https:\\\/\\\/pfi-germany.de\\\/neue-institutsleitung\\\/\",\"url\":\"https:\\\/\\\/pfi-germany.de\\\/neue-institutsleitung\\\/\",\"name\":\"PFI stellt neuen Institutsleiter vor \u2013 Prof. Dr. G\u00fcnter Schell \u00fcbernimmt 2026\",\"isPartOf\":{\"@id\":\"https:\\\/\\\/pfi-germany.de\\\/de\\\/#website\"},\"primaryImageOfPage\":{\"@id\":\"https:\\\/\\\/pfi-germany.de\\\/neue-institutsleitung\\\/#primaryimage\"},\"image\":{\"@id\":\"https:\\\/\\\/pfi-germany.de\\\/neue-institutsleitung\\\/#primaryimage\"},\"thumbnailUrl\":\"https:\\\/\\\/pfi-germany.de\\\/wp-content\\\/uploads\\\/2025\\\/11\\\/84201a62-c477-453e-b248-b90b7268cf69-scaled.jpg\",\"datePublished\":\"2025-11-28T12:20:19+00:00\",\"dateModified\":\"2026-01-06T13:46:09+00:00\",\"description\":\"Ab Januar 2026 \u00fcbernimmt Prof. Dr. G\u00fcnter Schell die Leitung des Pr\u00fcf- und Forschungsinstituts Pirmasens. Er bringt langj\u00e4hrige Erfahrung in Forschung, Materialwissenschaft und Entwicklung mit und st\u00e4rkt den Modernisierungskurs des PFI.\",\"breadcrumb\":{\"@id\":\"https:\\\/\\\/pfi-germany.de\\\/neue-institutsleitung\\\/#breadcrumb\"},\"inLanguage\":\"en-GB\",\"potentialAction\":[{\"@type\":\"ReadAction\",\"target\":[\"https:\\\/\\\/pfi-germany.de\\\/neue-institutsleitung\\\/\"]}]},{\"@type\":\"ImageObject\",\"inLanguage\":\"en-GB\",\"@id\":\"https:\\\/\\\/pfi-germany.de\\\/neue-institutsleitung\\\/#primaryimage\",\"url\":\"https:\\\/\\\/pfi-germany.de\\\/wp-content\\\/uploads\\\/2025\\\/11\\\/84201a62-c477-453e-b248-b90b7268cf69-scaled.jpg\",\"contentUrl\":\"https:\\\/\\\/pfi-germany.de\\\/wp-content\\\/uploads\\\/2025\\\/11\\\/84201a62-c477-453e-b248-b90b7268cf69-scaled.jpg\",\"width\":2560,\"height\":1782},{\"@type\":\"BreadcrumbList\",\"@id\":\"https:\\\/\\\/pfi-germany.de\\\/neue-institutsleitung\\\/#breadcrumb\",\"itemListElement\":[{\"@type\":\"ListItem\",\"position\":1,\"name\":\"Home\",\"item\":\"https:\\\/\\\/pfi-germany.de\\\/\"},{\"@type\":\"ListItem\",\"position\":2,\"name\":\"PFI stellt neuen Institutsleiter vor: Prof. Dr.-Ing. G\u00fcnter Schell \u00fcbernimmt ab 2026\"}]},{\"@type\":\"WebSite\",\"@id\":\"https:\\\/\\\/pfi-germany.de\\\/de\\\/#website\",\"url\":\"https:\\\/\\\/pfi-germany.de\\\/de\\\/\",\"name\":\"PFI 2024\",\"description\":\"\",\"publisher\":{\"@id\":\"https:\\\/\\\/pfi-germany.de\\\/de\\\/#organization\"},\"potentialAction\":[{\"@type\":\"SearchAction\",\"target\":{\"@type\":\"EntryPoint\",\"urlTemplate\":\"https:\\\/\\\/pfi-germany.de\\\/de\\\/?s={search_term_string}\"},\"query-input\":{\"@type\":\"PropertyValueSpecification\",\"valueRequired\":true,\"valueName\":\"search_term_string\"}}],\"inLanguage\":\"en-GB\"},{\"@type\":\"Organization\",\"@id\":\"https:\\\/\\\/pfi-germany.de\\\/de\\\/#organization\",\"name\":\"PFI 2024\",\"url\":\"https:\\\/\\\/pfi-germany.de\\\/de\\\/\",\"logo\":{\"@type\":\"ImageObject\",\"inLanguage\":\"en-GB\",\"@id\":\"https:\\\/\\\/pfi-germany.de\\\/de\\\/#\\\/schema\\\/logo\\\/image\\\/\",\"url\":\"https:\\\/\\\/pfi-germany.de\\\/wp-content\\\/uploads\\\/2024\\\/09\\\/logo.jpg\",\"contentUrl\":\"https:\\\/\\\/pfi-germany.de\\\/wp-content\\\/uploads\\\/2024\\\/09\\\/logo.jpg\",\"width\":329,\"height\":120,\"caption\":\"PFI 2024\"},\"image\":{\"@id\":\"https:\\\/\\\/pfi-germany.de\\\/de\\\/#\\\/schema\\\/logo\\\/image\\\/\"},\"sameAs\":[\"https:\\\/\\\/www.facebook.com\\\/people\\\/Pruef-und-Forschungsinstitut-Pirmasens-e-V\\\/100057088164342\\\/\",\"https:\\\/\\\/www.instagram.com\\\/pfi_germany\\\/\",\"https:\\\/\\\/www.youtube.com\\\/channel\\\/UCITCYhey0fqJRRjiH7Gw3sg\",\"https:\\\/\\\/de.linkedin.com\\\/company\\\/pfi-germany\"]},{\"@type\":\"Person\",\"@id\":\"https:\\\/\\\/pfi-germany.de\\\/de\\\/#\\\/schema\\\/person\\\/3fdc587dbd4a7441ddae9c5c0a3623f2\",\"name\":\"SSchaefer\",\"image\":{\"@type\":\"ImageObject\",\"inLanguage\":\"en-GB\",\"@id\":\"https:\\\/\\\/secure.gravatar.com\\\/avatar\\\/4cdc792ce8845448b375e79a6ab7c785431420281219e84046192c8133223580?s=96&d=mm&r=g\",\"url\":\"https:\\\/\\\/secure.gravatar.com\\\/avatar\\\/4cdc792ce8845448b375e79a6ab7c785431420281219e84046192c8133223580?s=96&d=mm&r=g\",\"contentUrl\":\"https:\\\/\\\/secure.gravatar.com\\\/avatar\\\/4cdc792ce8845448b375e79a6ab7c785431420281219e84046192c8133223580?s=96&d=mm&r=g\",\"caption\":\"SSchaefer\"},\"url\":\"https:\\\/\\\/pfi-germany.de\\\/en\\\/author\\\/sschaefer\\\/\"}]}<\/script>\n<!-- \/ Yoast SEO plugin. -->","yoast_head_json":{"title":"PFI stellt neuen Institutsleiter vor \u2013 Prof. Dr. G\u00fcnter Schell \u00fcbernimmt 2026","description":"Ab Januar 2026 \u00fcbernimmt Prof. Dr. G\u00fcnter Schell die Leitung des Pr\u00fcf- und Forschungsinstituts Pirmasens. Er bringt langj\u00e4hrige Erfahrung in Forschung, Materialwissenschaft und Entwicklung mit und st\u00e4rkt den Modernisierungskurs des PFI.","robots":{"index":"index","follow":"follow","max-snippet":"max-snippet:-1","max-image-preview":"max-image-preview:large","max-video-preview":"max-video-preview:-1"},"canonical":"https:\/\/pfi-germany.de\/en\/neue-institutsleitung\/","og_locale":"en_GB","og_type":"article","og_title":"PFI stellt neuen Institutsleiter vor \u2013 Prof. Dr. G\u00fcnter Schell \u00fcbernimmt 2026","og_description":"Ab Januar 2026 \u00fcbernimmt Prof. Dr. G\u00fcnter Schell die Leitung des Pr\u00fcf- und Forschungsinstituts Pirmasens. Er bringt langj\u00e4hrige Erfahrung in Forschung, Materialwissenschaft und Entwicklung mit und st\u00e4rkt den Modernisierungskurs des PFI.","og_url":"https:\/\/pfi-germany.de\/en\/neue-institutsleitung\/","og_site_name":"Pr\u00fcf- und Forschungsinstitut Pirmasens e.V.","article_publisher":"https:\/\/www.facebook.com\/people\/Pruef-und-Forschungsinstitut-Pirmasens-e-V\/100057088164342\/","article_published_time":"2025-11-28T12:20:19+00:00","article_modified_time":"2026-01-06T13:46:09+00:00","og_image":[{"width":2560,"height":1782,"url":"https:\/\/pfi-germany.de\/wp-content\/uploads\/2025\/11\/84201a62-c477-453e-b248-b90b7268cf69-scaled.jpg","type":"image\/jpeg"}],"author":"SSchaefer","twitter_card":"summary_large_image","twitter_misc":{"Written by":"SSchaefer","Estimated reading time":"2 minutes"},"schema":{"@context":"https:\/\/schema.org","@graph":[{"@type":"Article","@id":"https:\/\/pfi-germany.de\/neue-institutsleitung\/#article","isPartOf":{"@id":"https:\/\/pfi-germany.de\/neue-institutsleitung\/"},"author":{"name":"SSchaefer","@id":"https:\/\/pfi-germany.de\/de\/#\/schema\/person\/3fdc587dbd4a7441ddae9c5c0a3623f2"},"headline":"PFI stellt neuen Institutsleiter vor: Prof. Dr.-Ing. G\u00fcnter Schell \u00fcbernimmt ab 2026","datePublished":"2025-11-28T12:20:19+00:00","dateModified":"2026-01-06T13:46:09+00:00","mainEntityOfPage":{"@id":"https:\/\/pfi-germany.de\/neue-institutsleitung\/"},"wordCount":382,"publisher":{"@id":"https:\/\/pfi-germany.de\/de\/#organization"},"image":{"@id":"https:\/\/pfi-germany.de\/neue-institutsleitung\/#primaryimage"},"thumbnailUrl":"https:\/\/pfi-germany.de\/wp-content\/uploads\/2025\/11\/84201a62-c477-453e-b248-b90b7268cf69-scaled.jpg","keywords":["#Institutnews"],"articleSection":["Fachwissen &amp; Insights","News aus dem Institut"],"inLanguage":"en-GB"},{"@type":"WebPage","@id":"https:\/\/pfi-germany.de\/neue-institutsleitung\/","url":"https:\/\/pfi-germany.de\/neue-institutsleitung\/","name":"PFI stellt neuen Institutsleiter vor \u2013 Prof. Dr. G\u00fcnter Schell \u00fcbernimmt 2026","isPartOf":{"@id":"https:\/\/pfi-germany.de\/de\/#website"},"primaryImageOfPage":{"@id":"https:\/\/pfi-germany.de\/neue-institutsleitung\/#primaryimage"},"image":{"@id":"https:\/\/pfi-germany.de\/neue-institutsleitung\/#primaryimage"},"thumbnailUrl":"https:\/\/pfi-germany.de\/wp-content\/uploads\/2025\/11\/84201a62-c477-453e-b248-b90b7268cf69-scaled.jpg","datePublished":"2025-11-28T12:20:19+00:00","dateModified":"2026-01-06T13:46:09+00:00","description":"Ab Januar 2026 \u00fcbernimmt Prof. Dr. G\u00fcnter Schell die Leitung des Pr\u00fcf- und Forschungsinstituts Pirmasens. Er bringt langj\u00e4hrige Erfahrung in Forschung, Materialwissenschaft und Entwicklung mit und st\u00e4rkt den Modernisierungskurs des PFI.","breadcrumb":{"@id":"https:\/\/pfi-germany.de\/neue-institutsleitung\/#breadcrumb"},"inLanguage":"en-GB","potentialAction":[{"@type":"ReadAction","target":["https:\/\/pfi-germany.de\/neue-institutsleitung\/"]}]},{"@type":"ImageObject","inLanguage":"en-GB","@id":"https:\/\/pfi-germany.de\/neue-institutsleitung\/#primaryimage","url":"https:\/\/pfi-germany.de\/wp-content\/uploads\/2025\/11\/84201a62-c477-453e-b248-b90b7268cf69-scaled.jpg","contentUrl":"https:\/\/pfi-germany.de\/wp-content\/uploads\/2025\/11\/84201a62-c477-453e-b248-b90b7268cf69-scaled.jpg","width":2560,"height":1782},{"@type":"BreadcrumbList","@id":"https:\/\/pfi-germany.de\/neue-institutsleitung\/#breadcrumb","itemListElement":[{"@type":"ListItem","position":1,"name":"Home","item":"https:\/\/pfi-germany.de\/"},{"@type":"ListItem","position":2,"name":"PFI stellt neuen Institutsleiter vor: Prof. Dr.-Ing. G\u00fcnter Schell \u00fcbernimmt ab 2026"}]},{"@type":"WebSite","@id":"https:\/\/pfi-germany.de\/de\/#website","url":"https:\/\/pfi-germany.de\/de\/","name":"PFI 2024","description":"","publisher":{"@id":"https:\/\/pfi-germany.de\/de\/#organization"},"potentialAction":[{"@type":"SearchAction","target":{"@type":"EntryPoint","urlTemplate":"https:\/\/pfi-germany.de\/de\/?s={search_term_string}"},"query-input":{"@type":"PropertyValueSpecification","valueRequired":true,"valueName":"search_term_string"}}],"inLanguage":"en-GB"},{"@type":"Organization","@id":"https:\/\/pfi-germany.de\/de\/#organization","name":"PFI 2024","url":"https:\/\/pfi-germany.de\/de\/","logo":{"@type":"ImageObject","inLanguage":"en-GB","@id":"https:\/\/pfi-germany.de\/de\/#\/schema\/logo\/image\/","url":"https:\/\/pfi-germany.de\/wp-content\/uploads\/2024\/09\/logo.jpg","contentUrl":"https:\/\/pfi-germany.de\/wp-content\/uploads\/2024\/09\/logo.jpg","width":329,"height":120,"caption":"PFI 2024"},"image":{"@id":"https:\/\/pfi-germany.de\/de\/#\/schema\/logo\/image\/"},"sameAs":["https:\/\/www.facebook.com\/people\/Pruef-und-Forschungsinstitut-Pirmasens-e-V\/100057088164342\/","https:\/\/www.instagram.com\/pfi_germany\/","https:\/\/www.youtube.com\/channel\/UCITCYhey0fqJRRjiH7Gw3sg","https:\/\/de.linkedin.com\/company\/pfi-germany"]},{"@type":"Person","@id":"https:\/\/pfi-germany.de\/de\/#\/schema\/person\/3fdc587dbd4a7441ddae9c5c0a3623f2","name":"SSchaefer","image":{"@type":"ImageObject","inLanguage":"en-GB","@id":"https:\/\/secure.gravatar.com\/avatar\/4cdc792ce8845448b375e79a6ab7c785431420281219e84046192c8133223580?s=96&d=mm&r=g","url":"https:\/\/secure.gravatar.com\/avatar\/4cdc792ce8845448b375e79a6ab7c785431420281219e84046192c8133223580?s=96&d=mm&r=g","contentUrl":"https:\/\/secure.gravatar.com\/avatar\/4cdc792ce8845448b375e79a6ab7c785431420281219e84046192c8133223580?s=96&d=mm&r=g","caption":"SSchaefer"},"url":"https:\/\/pfi-germany.de\/en\/author\/sschaefer\/"}]}},"_links":{"self":[{"href":"https:\/\/pfi-germany.de\/en\/wp-json\/wp\/v2\/posts\/16153","targetHints":{"allow":["GET"]}}],"collection":[{"href":"https:\/\/pfi-germany.de\/en\/wp-json\/wp\/v2\/posts"}],"about":[{"href":"https:\/\/pfi-germany.de\/en\/wp-json\/wp\/v2\/types\/post"}],"author":[{"embeddable":true,"href":"https:\/\/pfi-germany.de\/en\/wp-json\/wp\/v2\/users\/4"}],"replies":[{"embeddable":true,"href":"https:\/\/pfi-germany.de\/en\/wp-json\/wp\/v2\/comments?post=16153"}],"version-history":[{"count":6,"href":"https:\/\/pfi-germany.de\/en\/wp-json\/wp\/v2\/posts\/16153\/revisions"}],"predecessor-version":[{"id":17525,"href":"https:\/\/pfi-germany.de\/en\/wp-json\/wp\/v2\/posts\/16153\/revisions\/17525"}],"wp:featuredmedia":[{"embeddable":true,"href":"https:\/\/pfi-germany.de\/en\/wp-json\/wp\/v2\/media\/16155"}],"wp:attachment":[{"href":"https:\/\/pfi-germany.de\/en\/wp-json\/wp\/v2\/media?parent=16153"}],"wp:term":[{"taxonomy":"category","embeddable":true,"href":"https:\/\/pfi-germany.de\/en\/wp-json\/wp\/v2\/categories?post=16153"},{"taxonomy":"post_tag","embeddable":true,"href":"https:\/\/pfi-germany.de\/en\/wp-json\/wp\/v2\/tags?post=16153"}],"curies":[{"name":"wp","href":"https:\/\/api.w.org\/{rel}","templated":true}]}}