{"id":6954,"date":"2025-08-08T12:58:27","date_gmt":"2025-08-08T12:58:27","guid":{"rendered":"https:\/\/pfi-germany.de\/?p=6954"},"modified":"2026-01-19T10:32:21","modified_gmt":"2026-01-19T10:32:21","slug":"footwear-fast-forward-cooperation","status":"publish","type":"post","link":"https:\/\/pfi-germany.de\/de\/footwear-fast-forward-cooperation\/","title":{"rendered":"FOOTWEAR FAST FORWARD COOPERATION"},"content":{"rendered":"\n<h1 class=\"wp-block-heading has-pfi-blue-color has-text-color has-link-color wp-elements-b788822726e8357165f45b68aa564236\" style=\"margin-bottom:var(--wp--preset--spacing--20)\">Innovatives agiles Trainingsprogramm und Ausbildungs-m\u00f6glichkeiten f\u00fcr den digitalen und gr\u00fcnen Wandel in Bosnien<\/h1>\n\n\n\n<div class=\"wp-block-columns is-layout-flex wp-container-core-columns-is-layout-28f84493 wp-block-columns-is-layout-flex\">\n<div class=\"wp-block-column is-layout-flow wp-block-column-is-layout-flow\">\n<div class=\"wp-block-group is-vertical is-layout-flex wp-container-core-group-is-layout-fe9cc265 wp-block-group-is-layout-flex\">\n<figure class=\"wp-block-image size-full is-resized\"><img loading=\"lazy\" decoding=\"async\" width=\"500\" height=\"500\" src=\"https:\/\/pfi-germany.de\/wp-content\/uploads\/2025\/08\/3F-Coop-Logo-intern.png\" alt=\"\" class=\"wp-image-6957\" style=\"aspect-ratio:4\/3;object-fit:cover;width:656px;height:auto\" srcset=\"https:\/\/pfi-germany.de\/wp-content\/uploads\/2025\/08\/3F-Coop-Logo-intern.png 500w, https:\/\/pfi-germany.de\/wp-content\/uploads\/2025\/08\/3F-Coop-Logo-intern-300x300.png 300w, https:\/\/pfi-germany.de\/wp-content\/uploads\/2025\/08\/3F-Coop-Logo-intern-150x150.png 150w, https:\/\/pfi-germany.de\/wp-content\/uploads\/2025\/08\/3F-Coop-Logo-intern-50x50.png 50w, https:\/\/pfi-germany.de\/wp-content\/uploads\/2025\/08\/3F-Coop-Logo-intern-12x12.png 12w\" sizes=\"auto, (max-width: 500px) 100vw, 500px\" \/><\/figure>\n<\/div>\n<\/div>\n\n\n\n<div class=\"wp-block-column is-layout-flow wp-block-column-is-layout-flow\">\n<div class=\"wp-block-group is-vertical is-layout-flex wp-container-core-group-is-layout-98bb686d wp-block-group-is-layout-flex\">\n<div class=\"wp-block-group has-global-padding is-content-justification-left is-layout-constrained wp-container-core-group-is-layout-0b710646 wp-block-group-is-layout-constrained\">\n<div class=\"wp-block-group has-pfi-grey-background-color has-background is-nowrap is-layout-flex wp-container-core-group-is-layout-cbd023f1 wp-block-group-is-layout-flex\" style=\"border-radius:20px;padding-top:var(--wp--preset--spacing--10);padding-right:var(--wp--preset--spacing--10);padding-bottom:var(--wp--preset--spacing--10);padding-left:var(--wp--preset--spacing--10)\">\n<h6 class=\"wp-block-heading has-black-color has-text-color has-link-color wp-elements-ed53c8ae6f1a04d8e1d7931b77a7de10\" style=\"border-radius:20px\">Projektinformationen<\/h6>\n<\/div>\n\n\n\n<div class=\"wp-block-columns is-not-stacked-on-mobile is-layout-flex wp-container-core-columns-is-layout-658170e2 wp-block-columns-is-layout-flex\">\n<div class=\"wp-block-column is-vertically-aligned-top has-white-color has-pfi-blue-background-color has-text-color has-background has-link-color wp-elements-62a3e9cfb39762c23d9fd745bec7af00 is-layout-flow wp-block-column-is-layout-flow\" style=\"border-radius:20px;padding-top:var(--wp--preset--spacing--10);padding-right:var(--wp--preset--spacing--10);padding-bottom:var(--wp--preset--spacing--10);padding-left:var(--wp--preset--spacing--10);flex-basis:130px\">\n<h6 class=\"wp-block-heading\">Laufzeit:        <\/h6>\n<\/div>\n\n\n\n<div class=\"wp-block-column is-vertically-aligned-center is-layout-flow wp-block-column-is-layout-flow\">\n<p class=\"has-small-font-size\">01. Dezember 2023 &#8211; 30.November 2026 <\/p>\n<\/div>\n<\/div>\n\n\n\n<div class=\"wp-block-columns is-not-stacked-on-mobile is-layout-flex wp-container-core-columns-is-layout-f2b5d7df wp-block-columns-is-layout-flex\" style=\"margin-top:var(--wp--preset--spacing--10);margin-bottom:var(--wp--preset--spacing--10)\">\n<div class=\"wp-block-column is-vertically-aligned-top has-white-color has-pfi-blue-background-color has-text-color has-background has-link-color wp-elements-702bd9b300b86df469b0d56b5d179730 is-layout-flow wp-block-column-is-layout-flow\" style=\"border-radius:20px;padding-top:var(--wp--preset--spacing--10);padding-right:var(--wp--preset--spacing--10);padding-bottom:var(--wp--preset--spacing--10);padding-left:var(--wp--preset--spacing--10);flex-basis:130px\">\n<h6 class=\"wp-block-heading\">Projekttr\u00e4ger: <\/h6>\n<\/div>\n\n\n\n<div class=\"wp-block-column is-vertically-aligned-center is-layout-flow wp-block-column-is-layout-flow\">\n<p class=\"has-small-font-size\">Erasmus+ <\/p>\n<\/div>\n<\/div>\n\n\n\n<div class=\"wp-block-columns is-layout-flex wp-container-core-columns-is-layout-f2b5d7df wp-block-columns-is-layout-flex\" style=\"margin-top:var(--wp--preset--spacing--10);margin-bottom:var(--wp--preset--spacing--10)\">\n<div class=\"wp-block-column is-vertically-aligned-top has-white-color has-pfi-blue-background-color has-text-color has-background has-link-color wp-elements-978e6c1445376073b351d5918a17aeb4 is-layout-flow wp-block-column-is-layout-flow\" style=\"border-radius:20px;padding-top:var(--wp--preset--spacing--10);padding-right:var(--wp--preset--spacing--10);padding-bottom:var(--wp--preset--spacing--10);padding-left:var(--wp--preset--spacing--10);flex-basis:130px\">\n<h6 class=\"wp-block-heading\">Ausgangslage: <\/h6>\n<\/div>\n\n\n\n<div class=\"wp-block-column is-vertically-aligned-stretch is-layout-flow wp-block-column-is-layout-flow\">\n<p class=\"has-small-font-size\">Der beruflichen Aus- und Weiterbildung (VET) der Schuhindustrie in Bosnien und Herzegowina mangelt es an qualitativen Strukturen, personellen und p\u00e4dagogischen Ressourcen sowie an Modellen f\u00fcr die Zusammenarbeit zwischen Privat- und \u00f6ffentlichem Sektor.<\/p>\n<\/div>\n<\/div>\n\n\n\n<div class=\"wp-block-columns is-layout-flex wp-container-core-columns-is-layout-f2b5d7df wp-block-columns-is-layout-flex\" style=\"margin-top:var(--wp--preset--spacing--10);margin-bottom:var(--wp--preset--spacing--10)\">\n<div class=\"wp-block-column is-vertically-aligned-top has-white-color has-pfi-blue-background-color has-text-color has-background has-link-color wp-elements-c87ab4945bd767a17d22a6ba0fb416cf is-layout-flow wp-block-column-is-layout-flow\" style=\"border-radius:20px;padding-top:var(--wp--preset--spacing--10);padding-right:var(--wp--preset--spacing--10);padding-bottom:var(--wp--preset--spacing--10);padding-left:var(--wp--preset--spacing--10);flex-basis:130px\">\n<h6 class=\"wp-block-heading\">Ziele: <\/h6>\n<\/div>\n\n\n\n<div class=\"wp-block-column is-vertically-aligned-stretch is-layout-flow wp-block-column-is-layout-flow\">\n<ul style=\"margin-top:0;margin-bottom:0\" class=\"wp-block-list has-small-font-size\">\n<li>Kapazit\u00e4ten der VET-Anbieter aufbauen<\/li>\n\n\n\n<li>Aktualisierung und Ausbau der Ausbildung insbesondere im Bereich Nachhaltigkeit und Digitalisierung.<\/li>\n\n\n\n<li>VET-Bereitstellung an lokale, regionale und nationale Entwicklungsstrategien anpassen.<\/li>\n<\/ul>\n<\/div>\n<\/div>\n<\/div>\n<\/div>\n<\/div>\n<\/div>\n\n\n\n<div class=\"wp-block-group alignfull is-content-justification-center is-nowrap is-layout-flex wp-container-core-group-is-layout-3a781681 wp-block-group-is-layout-flex\" style=\"margin-top:var(--wp--preset--spacing--30);margin-bottom:var(--wp--preset--spacing--30);padding-top:0;padding-bottom:0\">\n<div class=\"gradient-separator\"><\/div>\n<\/div>\n\n\n\n<div class=\"wp-block-group alignwide has-global-padding is-layout-constrained wp-block-group-is-layout-constrained\">\n<div class=\"wp-block-columns alignwide is-layout-flex wp-container-core-columns-is-layout-28f84493 wp-block-columns-is-layout-flex\">\n<div class=\"wp-block-column is-layout-flow wp-block-column-is-layout-flow\" style=\"flex-basis:100%\">\n<p class=\"has-text-align-left\">Die Schuhindustrie ist einer der \u00e4ltesten und am weitesten entwickelten Wirtschaftszweige in Bosnien und Herzegowina. Sie bietet eine bedeutende Besch\u00e4ftigungsm\u00f6glichkeit f\u00fcr viele Menschen, insbesondere in l\u00e4ndlichen Gebieten, und stellt f\u00fcr zahlreiche Familien eine wichtige Einnahmequelle dar. Das Land hat eine lange Tradition in der Schuhherstellung, die bis ins 18. Jahrhundert zur\u00fcckreicht und traditionell in der Republika Srpska ans\u00e4ssig ist. Im Jahr 2022 beliefen sich die Schuhexporte auf mehr als 250 Millionen USD und umfassten 12 Millionen Paar Schuhe. Der Sektor sah sich in den letzten Jahren Herausforderungen gegen\u00fcber, bedingt durch verst\u00e4rkten Wettbewerb durch Importe und die Wirtschaftskrise und die Berufsbildung, die in drei Stufen &#8211; Grundstufe, Mittelstufe und Oberstufe &#8211; gegliedert ist, weist Defizite auf, was die Weiterentwicklung des Sektors im Einklang mit den Bestrebungen und F\u00e4higkeiten der Unternehmer behindert. <\/p>\n\n\n\n<p class=\"has-text-align-left\">Das Projekt wird darauf abzielen, digitale und umweltfreundliche Kompetenzen entlang der gesamten Wertsch\u00f6pfungskette &#8211; vom Design bis zur Vermarktung &#8211; im bosnisch-herzegowinischen Schuhsektor zu entwickeln. Ziel ist es, den gleichzeitigen \u00dcbergang zu einer gr\u00fcneren und digitalisierten Wirtschaft zu f\u00f6rdern und dabei die Entwicklungen in diesem Sektor in Europa zu ber\u00fccksichtigen. Diese Initiative hat zum Ziel, den Schuhsektor zu bef\u00e4higen, eine neue \u00c4ra einzul\u00e4uten, die von Digitalisierung und einer Reduzierung der Kohlenstoffemissionen gepr\u00e4gt ist und im Einklang mit den Zielen des \u201eFit to 55%\u201c (Senkung der Nettotreibhausgasemission um 55% bis 2030) steht. Dabei sollen gezielt eine Gruppe von L\u00e4ndern integriert werden, die diese Ziele aktiv verfolgen.<\/p>\n<\/div>\n<\/div>\n<\/div>\n\n\n\n<div class=\"wp-block-group is-nowrap is-layout-flex wp-container-core-group-is-layout-6c531013 wp-block-group-is-layout-flex\">\n<div class=\"wp-block-buttons is-layout-flex wp-block-buttons-is-layout-flex\">\n<div class=\"wp-block-button\"><a class=\"wp-block-button__link has-white-color has-pfi-blue-background-color has-text-color has-background has-link-color wp-element-button\" href=\"https:\/\/3fcoop.eu\/\">Projektwebsite<\/a><\/div>\n<\/div>\n\n\n\n<figure class=\"wp-block-image size-medium\"><a href=\"https:\/\/www.erasmusplus.de\/\"><img loading=\"lazy\" decoding=\"async\" width=\"300\" height=\"67\" src=\"https:\/\/pfi-germany.de\/wp-content\/uploads\/2025\/08\/EN_Co-fundedbytheEU_RGB_POS-300x67.png\" alt=\"\" class=\"wp-image-6956\" style=\"object-fit:cover\" srcset=\"https:\/\/pfi-germany.de\/wp-content\/uploads\/2025\/08\/EN_Co-fundedbytheEU_RGB_POS-300x67.png 300w, https:\/\/pfi-germany.de\/wp-content\/uploads\/2025\/08\/EN_Co-fundedbytheEU_RGB_POS-1024x228.png 1024w, https:\/\/pfi-germany.de\/wp-content\/uploads\/2025\/08\/EN_Co-fundedbytheEU_RGB_POS-768x171.png 768w, https:\/\/pfi-germany.de\/wp-content\/uploads\/2025\/08\/EN_Co-fundedbytheEU_RGB_POS-50x11.png 50w, https:\/\/pfi-germany.de\/wp-content\/uploads\/2025\/08\/EN_Co-fundedbytheEU_RGB_POS-1600x357.png 1600w, https:\/\/pfi-germany.de\/wp-content\/uploads\/2025\/08\/EN_Co-fundedbytheEU_RGB_POS-1536x343.png 1536w, https:\/\/pfi-germany.de\/wp-content\/uploads\/2025\/08\/EN_Co-fundedbytheEU_RGB_POS-2048x457.png 2048w, https:\/\/pfi-germany.de\/wp-content\/uploads\/2025\/08\/EN_Co-fundedbytheEU_RGB_POS-18x4.png 18w\" sizes=\"auto, (max-width: 300px) 100vw, 300px\" \/><\/a><\/figure>\n<\/div>\n\n\n\n<div class=\"wp-block-group is-nowrap is-layout-flex wp-container-core-group-is-layout-6c531013 wp-block-group-is-layout-flex\">\n<div class=\"wp-block-group alignwide is-layout-flow wp-block-group-is-layout-flow\" style=\"padding-top:var(--wp--preset--spacing--30);padding-right:var(--wp--preset--spacing--40);padding-bottom:var(--wp--preset--spacing--40);padding-left:0\">\n<div class=\"wp-block-group alignwide is-content-justification-center is-nowrap is-layout-flex wp-container-core-group-is-layout-3c8805c5 wp-block-group-is-layout-flex\">\n<div class=\"wp-block-group alignwide has-global-padding is-content-justification-center is-layout-constrained wp-block-group-is-layout-constrained\">\n<div class=\"wp-block-columns are-vertically-aligned-center is-layout-flex wp-container-core-columns-is-layout-59e203da wp-block-columns-is-layout-flex\" style=\"padding-right:0;padding-left:0\">\n<div class=\"wp-block-column is-vertically-aligned-center has-pfi-grey-background-color has-background is-layout-flow wp-block-column-is-layout-flow\" style=\"border-radius:20px;padding-top:var(--wp--preset--spacing--10);padding-right:var(--wp--preset--spacing--20);padding-bottom:var(--wp--preset--spacing--10);padding-left:var(--wp--preset--spacing--20);flex-basis:100%\">\n<div class=\"wp-block-group is-vertical is-content-justification-center is-layout-flex wp-container-core-group-is-layout-f2d29298 wp-block-group-is-layout-flex\" style=\"padding-top:var(--wp--preset--spacing--20);padding-right:0;padding-bottom:var(--wp--preset--spacing--20);padding-left:0\">\n<figure class=\"wp-block-image size-full is-resized has-custom-border\"><img loading=\"lazy\" decoding=\"async\" width=\"512\" height=\"639\" src=\"https:\/\/pfi-germany.de\/wp-content\/uploads\/2025\/05\/Portrait-Tatjana-Hubel-edited-1.png\" alt=\"\" class=\"wp-image-5721\" style=\"border-radius:10px;aspect-ratio:3\/4;object-fit:cover;width:146px;height:auto\" srcset=\"https:\/\/pfi-germany.de\/wp-content\/uploads\/2025\/05\/Portrait-Tatjana-Hubel-edited-1.png 512w, https:\/\/pfi-germany.de\/wp-content\/uploads\/2025\/05\/Portrait-Tatjana-Hubel-edited-1-240x300.png 240w, https:\/\/pfi-germany.de\/wp-content\/uploads\/2025\/05\/Portrait-Tatjana-Hubel-edited-1-50x62.png 50w, https:\/\/pfi-germany.de\/wp-content\/uploads\/2025\/05\/Portrait-Tatjana-Hubel-edited-1-10x12.png 10w\" sizes=\"auto, (max-width: 512px) 100vw, 512px\" \/><\/figure>\n\n\n\n<div class=\"wp-block-group is-vertical is-content-justification-center is-layout-flex wp-container-core-group-is-layout-3b2b917d wp-block-group-is-layout-flex\">\n<h3 class=\"wp-block-heading has-text-align-center has-pfi-blue-color has-text-color has-link-color wp-elements-3e06f12f76a40febd7fc7c663d4962d7\" style=\"font-size:clamp(0.984rem, 0.984rem + ((1vw - 0.2rem) * 0.86), 1.5rem);\"><strong><strong><strong><strong>Dr. Tatjana Hubel<\/strong><\/strong><\/strong><\/strong><\/h3>\n\n\n\n<div class=\"wp-block-group is-vertical is-content-justification-center is-layout-flex wp-container-core-group-is-layout-d60e23ab wp-block-group-is-layout-flex\" style=\"margin-top:0;margin-bottom:0\">\n<p class=\"has-text-align-center\"><strong>ISC <\/strong><\/p>\n\n\n\n<p class=\"has-text-align-center\">Schulung &amp; Forschung<\/p>\n<\/div>\n\n\n\n<div class=\"wp-block-group is-vertical is-layout-flex wp-container-core-group-is-layout-fe9cc265 wp-block-group-is-layout-flex\">\n<div class=\"wp-block-buttons has-custom-font-size has-white-background-color has-background has-link-color has-small-font-size wp-elements-581489447e28c86634e668a97180ad75 is-layout-flex wp-block-buttons-is-layout-flex\" style=\"border-radius:10px;font-style:normal;font-weight:1000\">\n<div class=\"wp-block-button\"><a class=\"wp-block-button__link has-pfi-blue-color has-white-background-color has-text-color has-background has-link-color has-small-font-size has-custom-font-size wp-element-button\" href=\"tel:+4963312490971\" style=\"border-radius:10px;font-style:normal;font-weight:1000\" target=\"_blank\" rel=\"noreferrer noopener\">\ud83d\udcde +49 6331 2490 971<\/a><\/div>\n<\/div>\n<\/div>\n\n\n\n<div class=\"wp-block-group is-vertical is-layout-flex wp-container-core-group-is-layout-fe9cc265 wp-block-group-is-layout-flex\">\n<div class=\"wp-block-buttons has-custom-font-size has-white-background-color has-background has-link-color has-small-font-size wp-elements-68306adb909ff312619a901cce725d9b is-layout-flex wp-block-buttons-is-layout-flex\" style=\"border-radius:10px;font-style:normal;font-weight:1000\">\n<div class=\"wp-block-button\"><a class=\"wp-block-button__link has-pfi-blue-color has-white-background-color has-text-color has-background has-link-color has-small-font-size has-custom-font-size wp-element-button\" href=\"mailto:tatjana.hubel@isc-germany.com\" style=\"border-radius:10px;font-style:normal;font-weight:1000\" target=\"_blank\" rel=\"noreferrer noopener\">\u2709\ufe0f  E-Mail schreiben <\/a><\/div>\n<\/div>\n<\/div>\n<\/div>\n<\/div>\n<\/div>\n<\/div>\n<\/div>\n<\/div>\n<\/div>\n<\/div>\n\n\n\n<div class=\"wp-block-group is-layout-flow wp-block-group-is-layout-flow\" style=\"padding-right:0;padding-left:0\">\n<div class=\"wp-block-group alignfull is-content-justification-center is-nowrap is-layout-flex wp-container-core-group-is-layout-023ea1b8 wp-block-group-is-layout-flex\" style=\"margin-top:0;margin-bottom:0;padding-top:var(--wp--preset--spacing--20);padding-bottom:var(--wp--preset--spacing--20)\">\n<div class=\"gradient-separator-up\"><\/div>\n<\/div>\n\n\n\n<p class=\"has-text-align-center wp-container-content-0733e5d0\"><strong>Jetzt zum Newsletter anmelden und immer informiert bleiben!<\/strong><\/p>\n\n\n\n<p class=\"has-text-align-center wp-container-content-0733e5d0\">Hat Ihnen unser Blogartikel gefallen? Dann melden Sie sich am besten gleich f\u00fcr unseren Newsletter an! Dieser erscheint quartalsweise und versorgt Sie mit spannenden Einblicken rund um das PFI. Aktuelle Themen rund um Forschung, Entwicklung und Pr\u00fcfung &#8211; bleiben Sie informiert und immer auf dem neuesten Stand!&nbsp;<\/p>\n\n\n\n<div class=\"wp-block-buttons is-content-justification-center is-layout-flex wp-container-core-buttons-is-layout-10860990 wp-block-buttons-is-layout-flex\" style=\"padding-top:var(--wp--preset--spacing--10);padding-bottom:var(--wp--preset--spacing--10)\">\n<div class=\"wp-block-button has-custom-font-size\" style=\"font-size:clamp(0.875rem, 0.875rem + ((1vw - 0.2rem) * 0.708), 1.3rem);\"><a class=\"wp-block-button__link has-white-color has-pfi-blue-background-color has-text-color has-background has-link-color wp-element-button\" href=\"https:\/\/pfi-germany.de\/newsletteranmeldung\/\" style=\"padding-right:var(--wp--preset--spacing--30);padding-left:var(--wp--preset--spacing--30)\">Newsletteranmeldung<\/a><\/div>\n<\/div>\n<\/div>\n","protected":false},"excerpt":{"rendered":"<p>Innovatives agiles Trainingsprogramm und Ausbildungs-m\u00f6glichkeiten f\u00fcr den digitalen und gr\u00fcnen Wandel in Bosnien Projektinformationen Laufzeit: 01. Dezember 2023 &#8211; 30.November 2026 Projekttr\u00e4ger: Erasmus+ Ausgangslage: Der beruflichen Aus- und Weiterbildung (VET) der Schuhindustrie in Bosnien und Herzegowina mangelt es an qualitativen Strukturen, personellen und p\u00e4dagogischen Ressourcen sowie an Modellen f\u00fcr die Zusammenarbeit zwischen Privat- und \u00f6ffentlichem [&hellip;]<\/p>\n","protected":false},"author":4,"featured_media":6957,"comment_status":"closed","ping_status":"closed","sticky":false,"template":"","format":"standard","meta":{"footnotes":""},"categories":[6,61],"tags":[64,80],"class_list":["post-6954","post","type-post","status-publish","format-standard","has-post-thumbnail","hentry","category-forschungsprojekte","category-laufende-forschungsprojekte","tag-forschung","tag-training-weiterbildung"],"yoast_head":"<!-- This site is optimized with the Yoast SEO plugin v27.3 - https:\/\/yoast.com\/product\/yoast-seo-wordpress\/ -->\n<title>FOOTWEAR FAST FORWARD COOPERATION - Pr\u00fcf- und Forschungsinstitut Pirmasens e.V.<\/title>\n<meta name=\"robots\" content=\"index, follow, max-snippet:-1, max-image-preview:large, max-video-preview:-1\" \/>\n<link rel=\"canonical\" href=\"https:\/\/pfi-germany.de\/de\/footwear-fast-forward-cooperation\/\" \/>\n<meta property=\"og:locale\" content=\"de_DE\" \/>\n<meta property=\"og:type\" content=\"article\" \/>\n<meta property=\"og:title\" content=\"FOOTWEAR FAST FORWARD COOPERATION - Pr\u00fcf- und Forschungsinstitut Pirmasens e.V.\" \/>\n<meta property=\"og:description\" content=\"Innovatives agiles Trainingsprogramm und Ausbildungs-m\u00f6glichkeiten f\u00fcr den digitalen und gr\u00fcnen Wandel in Bosnien Projektinformationen Laufzeit: 01. Dezember 2023 &#8211; 30.November 2026 Projekttr\u00e4ger: Erasmus+ Ausgangslage: Der beruflichen Aus- und Weiterbildung (VET) der Schuhindustrie in Bosnien und Herzegowina mangelt es an qualitativen Strukturen, personellen und p\u00e4dagogischen Ressourcen sowie an Modellen f\u00fcr die Zusammenarbeit zwischen Privat- und \u00f6ffentlichem [&hellip;]\" \/>\n<meta property=\"og:url\" content=\"https:\/\/pfi-germany.de\/de\/footwear-fast-forward-cooperation\/\" \/>\n<meta property=\"og:site_name\" content=\"Pr\u00fcf- und Forschungsinstitut Pirmasens e.V.\" \/>\n<meta property=\"article:publisher\" content=\"https:\/\/www.facebook.com\/people\/Pruef-und-Forschungsinstitut-Pirmasens-e-V\/100057088164342\/\" \/>\n<meta property=\"article:published_time\" content=\"2025-08-08T12:58:27+00:00\" \/>\n<meta property=\"article:modified_time\" content=\"2026-01-19T10:32:21+00:00\" \/>\n<meta property=\"og:image\" content=\"https:\/\/pfi-germany.de\/wp-content\/uploads\/2025\/08\/3F-Coop-Logo-intern.png\" \/>\n\t<meta property=\"og:image:width\" content=\"500\" \/>\n\t<meta property=\"og:image:height\" content=\"500\" \/>\n\t<meta property=\"og:image:type\" content=\"image\/png\" \/>\n<meta name=\"author\" content=\"SSchaefer\" \/>\n<meta name=\"twitter:card\" content=\"summary_large_image\" \/>\n<meta name=\"twitter:label1\" content=\"Verfasst von\" \/>\n\t<meta name=\"twitter:data1\" content=\"SSchaefer\" \/>\n\t<meta name=\"twitter:label2\" content=\"Gesch\u00e4tzte Lesezeit\" \/>\n\t<meta name=\"twitter:data2\" content=\"3\u00a0Minuten\" \/>\n<script type=\"application\/ld+json\" class=\"yoast-schema-graph\">{\"@context\":\"https:\\\/\\\/schema.org\",\"@graph\":[{\"@type\":\"Article\",\"@id\":\"https:\\\/\\\/pfi-germany.de\\\/footwear-fast-forward-cooperation\\\/#article\",\"isPartOf\":{\"@id\":\"https:\\\/\\\/pfi-germany.de\\\/footwear-fast-forward-cooperation\\\/\"},\"author\":{\"name\":\"SSchaefer\",\"@id\":\"https:\\\/\\\/pfi-germany.de\\\/de\\\/#\\\/schema\\\/person\\\/3fdc587dbd4a7441ddae9c5c0a3623f2\"},\"headline\":\"FOOTWEAR FAST FORWARD COOPERATION\",\"datePublished\":\"2025-08-08T12:58:27+00:00\",\"dateModified\":\"2026-01-19T10:32:21+00:00\",\"mainEntityOfPage\":{\"@id\":\"https:\\\/\\\/pfi-germany.de\\\/footwear-fast-forward-cooperation\\\/\"},\"wordCount\":344,\"publisher\":{\"@id\":\"https:\\\/\\\/pfi-germany.de\\\/de\\\/#organization\"},\"image\":{\"@id\":\"https:\\\/\\\/pfi-germany.de\\\/footwear-fast-forward-cooperation\\\/#primaryimage\"},\"thumbnailUrl\":\"https:\\\/\\\/pfi-germany.de\\\/wp-content\\\/uploads\\\/2025\\\/08\\\/3F-Coop-Logo-intern.png\",\"keywords\":[\"#forschung\",\"#training &amp; weiterbildung\"],\"articleSection\":[\"Forschungsprojekte\",\"laufende Forschungsprojekte\"],\"inLanguage\":\"de\"},{\"@type\":\"WebPage\",\"@id\":\"https:\\\/\\\/pfi-germany.de\\\/footwear-fast-forward-cooperation\\\/\",\"url\":\"https:\\\/\\\/pfi-germany.de\\\/footwear-fast-forward-cooperation\\\/\",\"name\":\"FOOTWEAR FAST FORWARD COOPERATION - Pr\u00fcf- und Forschungsinstitut Pirmasens e.V.\",\"isPartOf\":{\"@id\":\"https:\\\/\\\/pfi-germany.de\\\/de\\\/#website\"},\"primaryImageOfPage\":{\"@id\":\"https:\\\/\\\/pfi-germany.de\\\/footwear-fast-forward-cooperation\\\/#primaryimage\"},\"image\":{\"@id\":\"https:\\\/\\\/pfi-germany.de\\\/footwear-fast-forward-cooperation\\\/#primaryimage\"},\"thumbnailUrl\":\"https:\\\/\\\/pfi-germany.de\\\/wp-content\\\/uploads\\\/2025\\\/08\\\/3F-Coop-Logo-intern.png\",\"datePublished\":\"2025-08-08T12:58:27+00:00\",\"dateModified\":\"2026-01-19T10:32:21+00:00\",\"breadcrumb\":{\"@id\":\"https:\\\/\\\/pfi-germany.de\\\/footwear-fast-forward-cooperation\\\/#breadcrumb\"},\"inLanguage\":\"de\",\"potentialAction\":[{\"@type\":\"ReadAction\",\"target\":[\"https:\\\/\\\/pfi-germany.de\\\/footwear-fast-forward-cooperation\\\/\"]}]},{\"@type\":\"ImageObject\",\"inLanguage\":\"de\",\"@id\":\"https:\\\/\\\/pfi-germany.de\\\/footwear-fast-forward-cooperation\\\/#primaryimage\",\"url\":\"https:\\\/\\\/pfi-germany.de\\\/wp-content\\\/uploads\\\/2025\\\/08\\\/3F-Coop-Logo-intern.png\",\"contentUrl\":\"https:\\\/\\\/pfi-germany.de\\\/wp-content\\\/uploads\\\/2025\\\/08\\\/3F-Coop-Logo-intern.png\",\"width\":500,\"height\":500},{\"@type\":\"BreadcrumbList\",\"@id\":\"https:\\\/\\\/pfi-germany.de\\\/footwear-fast-forward-cooperation\\\/#breadcrumb\",\"itemListElement\":[{\"@type\":\"ListItem\",\"position\":1,\"name\":\"Home\",\"item\":\"https:\\\/\\\/pfi-germany.de\\\/\"},{\"@type\":\"ListItem\",\"position\":2,\"name\":\"FOOTWEAR FAST FORWARD COOPERATION\"}]},{\"@type\":\"WebSite\",\"@id\":\"https:\\\/\\\/pfi-germany.de\\\/de\\\/#website\",\"url\":\"https:\\\/\\\/pfi-germany.de\\\/de\\\/\",\"name\":\"PFI 2024\",\"description\":\"\",\"publisher\":{\"@id\":\"https:\\\/\\\/pfi-germany.de\\\/de\\\/#organization\"},\"potentialAction\":[{\"@type\":\"SearchAction\",\"target\":{\"@type\":\"EntryPoint\",\"urlTemplate\":\"https:\\\/\\\/pfi-germany.de\\\/de\\\/?s={search_term_string}\"},\"query-input\":{\"@type\":\"PropertyValueSpecification\",\"valueRequired\":true,\"valueName\":\"search_term_string\"}}],\"inLanguage\":\"de\"},{\"@type\":\"Organization\",\"@id\":\"https:\\\/\\\/pfi-germany.de\\\/de\\\/#organization\",\"name\":\"PFI 2024\",\"url\":\"https:\\\/\\\/pfi-germany.de\\\/de\\\/\",\"logo\":{\"@type\":\"ImageObject\",\"inLanguage\":\"de\",\"@id\":\"https:\\\/\\\/pfi-germany.de\\\/de\\\/#\\\/schema\\\/logo\\\/image\\\/\",\"url\":\"https:\\\/\\\/pfi-germany.de\\\/wp-content\\\/uploads\\\/2024\\\/09\\\/logo.jpg\",\"contentUrl\":\"https:\\\/\\\/pfi-germany.de\\\/wp-content\\\/uploads\\\/2024\\\/09\\\/logo.jpg\",\"width\":329,\"height\":120,\"caption\":\"PFI 2024\"},\"image\":{\"@id\":\"https:\\\/\\\/pfi-germany.de\\\/de\\\/#\\\/schema\\\/logo\\\/image\\\/\"},\"sameAs\":[\"https:\\\/\\\/www.facebook.com\\\/people\\\/Pruef-und-Forschungsinstitut-Pirmasens-e-V\\\/100057088164342\\\/\",\"https:\\\/\\\/www.instagram.com\\\/pfi_germany\\\/\",\"https:\\\/\\\/www.youtube.com\\\/channel\\\/UCITCYhey0fqJRRjiH7Gw3sg\",\"https:\\\/\\\/de.linkedin.com\\\/company\\\/pfi-germany\"]},{\"@type\":\"Person\",\"@id\":\"https:\\\/\\\/pfi-germany.de\\\/de\\\/#\\\/schema\\\/person\\\/3fdc587dbd4a7441ddae9c5c0a3623f2\",\"name\":\"SSchaefer\",\"image\":{\"@type\":\"ImageObject\",\"inLanguage\":\"de\",\"@id\":\"https:\\\/\\\/secure.gravatar.com\\\/avatar\\\/4cdc792ce8845448b375e79a6ab7c785431420281219e84046192c8133223580?s=96&d=mm&r=g\",\"url\":\"https:\\\/\\\/secure.gravatar.com\\\/avatar\\\/4cdc792ce8845448b375e79a6ab7c785431420281219e84046192c8133223580?s=96&d=mm&r=g\",\"contentUrl\":\"https:\\\/\\\/secure.gravatar.com\\\/avatar\\\/4cdc792ce8845448b375e79a6ab7c785431420281219e84046192c8133223580?s=96&d=mm&r=g\",\"caption\":\"SSchaefer\"},\"url\":\"https:\\\/\\\/pfi-germany.de\\\/de\\\/author\\\/sschaefer\\\/\"}]}<\/script>\n<!-- \/ Yoast SEO plugin. -->","yoast_head_json":{"title":"FOOTWEAR FAST FORWARD COOPERATION - Pr\u00fcf- und Forschungsinstitut Pirmasens e.V.","robots":{"index":"index","follow":"follow","max-snippet":"max-snippet:-1","max-image-preview":"max-image-preview:large","max-video-preview":"max-video-preview:-1"},"canonical":"https:\/\/pfi-germany.de\/de\/footwear-fast-forward-cooperation\/","og_locale":"de_DE","og_type":"article","og_title":"FOOTWEAR FAST FORWARD COOPERATION - Pr\u00fcf- und Forschungsinstitut Pirmasens e.V.","og_description":"Innovatives agiles Trainingsprogramm und Ausbildungs-m\u00f6glichkeiten f\u00fcr den digitalen und gr\u00fcnen Wandel in Bosnien Projektinformationen Laufzeit: 01. Dezember 2023 &#8211; 30.November 2026 Projekttr\u00e4ger: Erasmus+ Ausgangslage: Der beruflichen Aus- und Weiterbildung (VET) der Schuhindustrie in Bosnien und Herzegowina mangelt es an qualitativen Strukturen, personellen und p\u00e4dagogischen Ressourcen sowie an Modellen f\u00fcr die Zusammenarbeit zwischen Privat- und \u00f6ffentlichem [&hellip;]","og_url":"https:\/\/pfi-germany.de\/de\/footwear-fast-forward-cooperation\/","og_site_name":"Pr\u00fcf- und Forschungsinstitut Pirmasens e.V.","article_publisher":"https:\/\/www.facebook.com\/people\/Pruef-und-Forschungsinstitut-Pirmasens-e-V\/100057088164342\/","article_published_time":"2025-08-08T12:58:27+00:00","article_modified_time":"2026-01-19T10:32:21+00:00","og_image":[{"width":500,"height":500,"url":"https:\/\/pfi-germany.de\/wp-content\/uploads\/2025\/08\/3F-Coop-Logo-intern.png","type":"image\/png"}],"author":"SSchaefer","twitter_card":"summary_large_image","twitter_misc":{"Verfasst von":"SSchaefer","Gesch\u00e4tzte Lesezeit":"3\u00a0Minuten"},"schema":{"@context":"https:\/\/schema.org","@graph":[{"@type":"Article","@id":"https:\/\/pfi-germany.de\/footwear-fast-forward-cooperation\/#article","isPartOf":{"@id":"https:\/\/pfi-germany.de\/footwear-fast-forward-cooperation\/"},"author":{"name":"SSchaefer","@id":"https:\/\/pfi-germany.de\/de\/#\/schema\/person\/3fdc587dbd4a7441ddae9c5c0a3623f2"},"headline":"FOOTWEAR FAST FORWARD COOPERATION","datePublished":"2025-08-08T12:58:27+00:00","dateModified":"2026-01-19T10:32:21+00:00","mainEntityOfPage":{"@id":"https:\/\/pfi-germany.de\/footwear-fast-forward-cooperation\/"},"wordCount":344,"publisher":{"@id":"https:\/\/pfi-germany.de\/de\/#organization"},"image":{"@id":"https:\/\/pfi-germany.de\/footwear-fast-forward-cooperation\/#primaryimage"},"thumbnailUrl":"https:\/\/pfi-germany.de\/wp-content\/uploads\/2025\/08\/3F-Coop-Logo-intern.png","keywords":["#forschung","#training &amp; weiterbildung"],"articleSection":["Forschungsprojekte","laufende Forschungsprojekte"],"inLanguage":"de"},{"@type":"WebPage","@id":"https:\/\/pfi-germany.de\/footwear-fast-forward-cooperation\/","url":"https:\/\/pfi-germany.de\/footwear-fast-forward-cooperation\/","name":"FOOTWEAR FAST FORWARD COOPERATION - Pr\u00fcf- und Forschungsinstitut Pirmasens e.V.","isPartOf":{"@id":"https:\/\/pfi-germany.de\/de\/#website"},"primaryImageOfPage":{"@id":"https:\/\/pfi-germany.de\/footwear-fast-forward-cooperation\/#primaryimage"},"image":{"@id":"https:\/\/pfi-germany.de\/footwear-fast-forward-cooperation\/#primaryimage"},"thumbnailUrl":"https:\/\/pfi-germany.de\/wp-content\/uploads\/2025\/08\/3F-Coop-Logo-intern.png","datePublished":"2025-08-08T12:58:27+00:00","dateModified":"2026-01-19T10:32:21+00:00","breadcrumb":{"@id":"https:\/\/pfi-germany.de\/footwear-fast-forward-cooperation\/#breadcrumb"},"inLanguage":"de","potentialAction":[{"@type":"ReadAction","target":["https:\/\/pfi-germany.de\/footwear-fast-forward-cooperation\/"]}]},{"@type":"ImageObject","inLanguage":"de","@id":"https:\/\/pfi-germany.de\/footwear-fast-forward-cooperation\/#primaryimage","url":"https:\/\/pfi-germany.de\/wp-content\/uploads\/2025\/08\/3F-Coop-Logo-intern.png","contentUrl":"https:\/\/pfi-germany.de\/wp-content\/uploads\/2025\/08\/3F-Coop-Logo-intern.png","width":500,"height":500},{"@type":"BreadcrumbList","@id":"https:\/\/pfi-germany.de\/footwear-fast-forward-cooperation\/#breadcrumb","itemListElement":[{"@type":"ListItem","position":1,"name":"Home","item":"https:\/\/pfi-germany.de\/"},{"@type":"ListItem","position":2,"name":"FOOTWEAR FAST FORWARD COOPERATION"}]},{"@type":"WebSite","@id":"https:\/\/pfi-germany.de\/de\/#website","url":"https:\/\/pfi-germany.de\/de\/","name":"PFI 2024","description":"","publisher":{"@id":"https:\/\/pfi-germany.de\/de\/#organization"},"potentialAction":[{"@type":"SearchAction","target":{"@type":"EntryPoint","urlTemplate":"https:\/\/pfi-germany.de\/de\/?s={search_term_string}"},"query-input":{"@type":"PropertyValueSpecification","valueRequired":true,"valueName":"search_term_string"}}],"inLanguage":"de"},{"@type":"Organization","@id":"https:\/\/pfi-germany.de\/de\/#organization","name":"PFI 2024","url":"https:\/\/pfi-germany.de\/de\/","logo":{"@type":"ImageObject","inLanguage":"de","@id":"https:\/\/pfi-germany.de\/de\/#\/schema\/logo\/image\/","url":"https:\/\/pfi-germany.de\/wp-content\/uploads\/2024\/09\/logo.jpg","contentUrl":"https:\/\/pfi-germany.de\/wp-content\/uploads\/2024\/09\/logo.jpg","width":329,"height":120,"caption":"PFI 2024"},"image":{"@id":"https:\/\/pfi-germany.de\/de\/#\/schema\/logo\/image\/"},"sameAs":["https:\/\/www.facebook.com\/people\/Pruef-und-Forschungsinstitut-Pirmasens-e-V\/100057088164342\/","https:\/\/www.instagram.com\/pfi_germany\/","https:\/\/www.youtube.com\/channel\/UCITCYhey0fqJRRjiH7Gw3sg","https:\/\/de.linkedin.com\/company\/pfi-germany"]},{"@type":"Person","@id":"https:\/\/pfi-germany.de\/de\/#\/schema\/person\/3fdc587dbd4a7441ddae9c5c0a3623f2","name":"SSchaefer","image":{"@type":"ImageObject","inLanguage":"de","@id":"https:\/\/secure.gravatar.com\/avatar\/4cdc792ce8845448b375e79a6ab7c785431420281219e84046192c8133223580?s=96&d=mm&r=g","url":"https:\/\/secure.gravatar.com\/avatar\/4cdc792ce8845448b375e79a6ab7c785431420281219e84046192c8133223580?s=96&d=mm&r=g","contentUrl":"https:\/\/secure.gravatar.com\/avatar\/4cdc792ce8845448b375e79a6ab7c785431420281219e84046192c8133223580?s=96&d=mm&r=g","caption":"SSchaefer"},"url":"https:\/\/pfi-germany.de\/de\/author\/sschaefer\/"}]}},"_links":{"self":[{"href":"https:\/\/pfi-germany.de\/de\/wp-json\/wp\/v2\/posts\/6954","targetHints":{"allow":["GET"]}}],"collection":[{"href":"https:\/\/pfi-germany.de\/de\/wp-json\/wp\/v2\/posts"}],"about":[{"href":"https:\/\/pfi-germany.de\/de\/wp-json\/wp\/v2\/types\/post"}],"author":[{"embeddable":true,"href":"https:\/\/pfi-germany.de\/de\/wp-json\/wp\/v2\/users\/4"}],"replies":[{"embeddable":true,"href":"https:\/\/pfi-germany.de\/de\/wp-json\/wp\/v2\/comments?post=6954"}],"version-history":[{"count":2,"href":"https:\/\/pfi-germany.de\/de\/wp-json\/wp\/v2\/posts\/6954\/revisions"}],"predecessor-version":[{"id":10517,"href":"https:\/\/pfi-germany.de\/de\/wp-json\/wp\/v2\/posts\/6954\/revisions\/10517"}],"wp:featuredmedia":[{"embeddable":true,"href":"https:\/\/pfi-germany.de\/de\/wp-json\/wp\/v2\/media\/6957"}],"wp:attachment":[{"href":"https:\/\/pfi-germany.de\/de\/wp-json\/wp\/v2\/media?parent=6954"}],"wp:term":[{"taxonomy":"category","embeddable":true,"href":"https:\/\/pfi-germany.de\/de\/wp-json\/wp\/v2\/categories?post=6954"},{"taxonomy":"post_tag","embeddable":true,"href":"https:\/\/pfi-germany.de\/de\/wp-json\/wp\/v2\/tags?post=6954"}],"curies":[{"name":"wp","href":"https:\/\/api.w.org\/{rel}","templated":true}]}}