{"id":6945,"date":"2025-08-13T11:45:50","date_gmt":"2025-08-13T11:45:50","guid":{"rendered":"https:\/\/pfi-germany.de\/?p=6945"},"modified":"2026-01-19T10:34:12","modified_gmt":"2026-01-19T10:34:12","slug":"s2tecker","status":"publish","type":"post","link":"https:\/\/pfi-germany.de\/de\/s2tecker\/","title":{"rendered":"S2TecKEr"},"content":{"rendered":"\n<h1 class=\"wp-block-heading has-pfi-blue-color has-text-color has-link-color wp-elements-0e94f8a3a4b7a48ff52d8f60ccd2e6c3\" style=\"margin-bottom:var(--wp--preset--spacing--20)\">Sicherheit von Schuhen mit elektronischen Komponenten im Rahmen des Elektronikger\u00e4tegesetzes (ElektroG)<\/h1>\n\n\n\n<div class=\"wp-block-columns is-layout-flex wp-container-core-columns-is-layout-28f84493 wp-block-columns-is-layout-flex\">\n<div class=\"wp-block-column is-layout-flow wp-block-column-is-layout-flow\">\n<div class=\"wp-block-group is-vertical is-layout-flex wp-container-core-group-is-layout-fe9cc265 wp-block-group-is-layout-flex\">\n<figure class=\"wp-block-image size-full is-resized\"><img loading=\"lazy\" decoding=\"async\" width=\"808\" height=\"540\" src=\"https:\/\/pfi-germany.de\/wp-content\/uploads\/2025\/08\/Stecker-Icon-II.png\" alt=\"\" class=\"wp-image-6948\" style=\"width:656px;height:auto\" srcset=\"https:\/\/pfi-germany.de\/wp-content\/uploads\/2025\/08\/Stecker-Icon-II.png 808w, https:\/\/pfi-germany.de\/wp-content\/uploads\/2025\/08\/Stecker-Icon-II-300x200.png 300w, https:\/\/pfi-germany.de\/wp-content\/uploads\/2025\/08\/Stecker-Icon-II-768x513.png 768w, https:\/\/pfi-germany.de\/wp-content\/uploads\/2025\/08\/Stecker-Icon-II-50x33.png 50w, https:\/\/pfi-germany.de\/wp-content\/uploads\/2025\/08\/Stecker-Icon-II-18x12.png 18w\" sizes=\"auto, (max-width: 808px) 100vw, 808px\" \/><\/figure>\n<\/div>\n<\/div>\n\n\n\n<div class=\"wp-block-column is-layout-flow wp-block-column-is-layout-flow\">\n<div class=\"wp-block-group is-vertical is-layout-flex wp-container-core-group-is-layout-98bb686d wp-block-group-is-layout-flex\">\n<div class=\"wp-block-group has-global-padding is-content-justification-left is-layout-constrained wp-container-core-group-is-layout-0b710646 wp-block-group-is-layout-constrained\">\n<div class=\"wp-block-group has-pfi-grey-background-color has-background is-nowrap is-layout-flex wp-container-core-group-is-layout-cbd023f1 wp-block-group-is-layout-flex\" style=\"border-radius:20px;padding-top:var(--wp--preset--spacing--10);padding-right:var(--wp--preset--spacing--10);padding-bottom:var(--wp--preset--spacing--10);padding-left:var(--wp--preset--spacing--10)\">\n<h6 class=\"wp-block-heading has-black-color has-text-color has-link-color wp-elements-ed53c8ae6f1a04d8e1d7931b77a7de10\" style=\"border-radius:20px\">Projektinformationen<\/h6>\n<\/div>\n\n\n\n<div class=\"wp-block-columns is-not-stacked-on-mobile is-layout-flex wp-container-core-columns-is-layout-658170e2 wp-block-columns-is-layout-flex\">\n<div class=\"wp-block-column is-vertically-aligned-top has-white-color has-pfi-blue-background-color has-text-color has-background has-link-color wp-elements-62a3e9cfb39762c23d9fd745bec7af00 is-layout-flow wp-block-column-is-layout-flow\" style=\"border-radius:20px;padding-top:var(--wp--preset--spacing--10);padding-right:var(--wp--preset--spacing--10);padding-bottom:var(--wp--preset--spacing--10);padding-left:var(--wp--preset--spacing--10);flex-basis:130px\">\n<h6 class=\"wp-block-heading\">Laufzeit:        <\/h6>\n<\/div>\n\n\n\n<div class=\"wp-block-column is-vertically-aligned-center is-layout-flow wp-block-column-is-layout-flow\">\n<p class=\"has-small-font-size\">01. M\u00e4rz 2022 bis 31. August 2024<\/p>\n<\/div>\n<\/div>\n\n\n\n<div class=\"wp-block-columns is-not-stacked-on-mobile is-layout-flex wp-container-core-columns-is-layout-f2b5d7df wp-block-columns-is-layout-flex\" style=\"margin-top:var(--wp--preset--spacing--10);margin-bottom:var(--wp--preset--spacing--10)\">\n<div class=\"wp-block-column is-vertically-aligned-top has-white-color has-pfi-blue-background-color has-text-color has-background has-link-color wp-elements-702bd9b300b86df469b0d56b5d179730 is-layout-flow wp-block-column-is-layout-flow\" style=\"border-radius:20px;padding-top:var(--wp--preset--spacing--10);padding-right:var(--wp--preset--spacing--10);padding-bottom:var(--wp--preset--spacing--10);padding-left:var(--wp--preset--spacing--10);flex-basis:130px\">\n<h6 class=\"wp-block-heading\">Projekttr\u00e4ger: <\/h6>\n<\/div>\n\n\n\n<div class=\"wp-block-column is-vertically-aligned-center is-layout-flow wp-block-column-is-layout-flow\">\n<p class=\"has-small-font-size\">Deutsches Zentrum f\u00fcr Luft- und Raumfahrt (DLR)<\/p>\n<\/div>\n<\/div>\n\n\n\n<div class=\"wp-block-columns is-layout-flex wp-container-core-columns-is-layout-f2b5d7df wp-block-columns-is-layout-flex\" style=\"margin-top:var(--wp--preset--spacing--10);margin-bottom:var(--wp--preset--spacing--10)\">\n<div class=\"wp-block-column is-vertically-aligned-top has-white-color has-pfi-blue-background-color has-text-color has-background has-link-color wp-elements-978e6c1445376073b351d5918a17aeb4 is-layout-flow wp-block-column-is-layout-flow\" style=\"border-radius:20px;padding-top:var(--wp--preset--spacing--10);padding-right:var(--wp--preset--spacing--10);padding-bottom:var(--wp--preset--spacing--10);padding-left:var(--wp--preset--spacing--10);flex-basis:130px\">\n<h6 class=\"wp-block-heading\">Ausgangslage: <\/h6>\n<\/div>\n\n\n\n<div class=\"wp-block-column is-vertically-aligned-stretch is-layout-flow wp-block-column-is-layout-flow\">\n<p class=\"has-small-font-size\">Das ElektroG Gesetz stellt hohe Anforderungen und Verpflichtungen an KMU und erschwert den \u201eMarkteintritt\u201c.<\/p>\n<\/div>\n<\/div>\n\n\n\n<div class=\"wp-block-columns is-layout-flex wp-container-core-columns-is-layout-f2b5d7df wp-block-columns-is-layout-flex\" style=\"margin-top:var(--wp--preset--spacing--10);margin-bottom:var(--wp--preset--spacing--10)\">\n<div class=\"wp-block-column is-vertically-aligned-top has-white-color has-pfi-blue-background-color has-text-color has-background has-link-color wp-elements-c87ab4945bd767a17d22a6ba0fb416cf is-layout-flow wp-block-column-is-layout-flow\" style=\"border-radius:20px;padding-top:var(--wp--preset--spacing--10);padding-right:var(--wp--preset--spacing--10);padding-bottom:var(--wp--preset--spacing--10);padding-left:var(--wp--preset--spacing--10);flex-basis:130px\">\n<h6 class=\"wp-block-heading\">Ziele: <\/h6>\n<\/div>\n\n\n\n<div class=\"wp-block-column is-vertically-aligned-stretch is-layout-flow wp-block-column-is-layout-flow\">\n<ul style=\"margin-top:0;margin-bottom:0\" class=\"wp-block-list has-small-font-size\">\n<li>Reversible Integration von Elektronik in Schuhen und Textilien<\/li>\n\n\n\n<li>Wahrung von Sicherheit des Tr\u00e4gers und Funktionstreue (Normung)<\/li>\n\n\n\n<li>Aktive Umsetzung des ElektroG durch modulare Ans\u00e4tze mit anschlie\u00dfender Recycelbarkeit<\/li>\n<\/ul>\n<\/div>\n<\/div>\n<\/div>\n<\/div>\n<\/div>\n<\/div>\n\n\n\n<div class=\"wp-block-group alignfull is-content-justification-center is-nowrap is-layout-flex wp-container-core-group-is-layout-3a781681 wp-block-group-is-layout-flex\" style=\"margin-top:var(--wp--preset--spacing--30);margin-bottom:var(--wp--preset--spacing--30);padding-top:0;padding-bottom:0\">\n<div class=\"gradient-separator\"><\/div>\n<\/div>\n\n\n\n<div class=\"wp-block-group alignwide has-global-padding is-layout-constrained wp-block-group-is-layout-constrained\">\n<div class=\"wp-block-columns alignwide is-layout-flex wp-container-core-columns-is-layout-28f84493 wp-block-columns-is-layout-flex\">\n<div class=\"wp-block-column is-layout-flow wp-block-column-is-layout-flow\" style=\"flex-basis:100%\">\n<p class=\"has-text-align-left\">Ziel des beantragten Projekts ist die Erarbeitung, Herstellung und Pr\u00fcfung neuer innovativer Konzepte zur reversiblen Integration von Elektronik in den Schuh. Hierbei soll den KMU durch einen modularen Ansatz ein Mittel gegeben werden, Elektronik im Schuh ElektroG konform zu integrieren und effizient umzusetzen, um somit die Industriezweige Elektronik- und Schuhherstellung effizient miteinander zu verzahnen. Es wird Schuherstellern (vornehmlich KMU) vereinfacht, Elektronik in Form einer additiven Komponente dem Schuh hinzuzuf\u00fcgen ohne sich zwingend mit den H\u00fcrden und Risiken, die das ElektroG den KMU stellt, auseinander setzen zu m\u00fcssen. Dies k\u00f6nnte eine massive<br>Erleichterung des Handels von \u201eWearables\u201c im europ\u00e4ischen Raum darstellen und zu einer Produktverbesserung und zu einem Wettbewerbsvorteil f\u00fcr deutsche Hersteller (KMU) f\u00fchren. Die im Projekt hergestellten \u201eWearablesProdukte\u201c werden Pr\u00fcfungen bez\u00fcglich ihrer Sicherheit und Funktionstreue f\u00fcr den Tr\u00e4ger unterzogen und hinsichtlich auf einer entsprechenden Normung im Bereich der Integrationsmethoden und der Sicherheit untersucht und erforscht. Anhand der Untersuchungsergebnisse sollen Kriterien zur Herstellung von reversibel integrierbarer und modularisierter Elektronik mit den entsprechenden Eigenschaften in Form von Konstruktionsrichtlinien erstellt werden. Diese machen es m\u00f6glich, das Produkt eines \u201eWearables\u201c hinsichtlich Sicherheit zu verbessern und auf individuelle Anspr\u00fcche anzupassen. Die Anpassung der Produkte auf die individuellen Anspr\u00fcche der Kunden sowie Wearables-Produkte adressieren aktuell einen wachsenden Markt. Der modulare Ansatz zielt weiterhin auf eine bessere Recycelbarkeit einzelner elektronischer Komponenten ab und erf\u00fcllt somit Nachhaltigkeitsaspekte f\u00fcr wertvolle Rohstoffe.<\/p>\n\n\n\n<p><strong>Danksagung<\/strong><\/p>\n\n\n\n<p>Wir m\u00f6chten uns hiermit f\u00fcr die F\u00f6rderung des Forschungsvorhabens mit dem F\u00f6rderkennzeichen <strong>01IF22292N <\/strong>bedanken, das im Programm zur F\u00f6rderung der \u201eIndustriellen Gemeinschaftsforschung (IGF)\u201c aus den Haushaltsmitteln des Bundesministeriums f\u00fcr Wirtschaft und Energie (BMWE) aufgrund eines Beschlusses des Deutschen Bundestages \u00fcber das Deutsches Zentrum f\u00fcr Luft- und Raumfahrt (DLR) als Projekttr\u00e4ger erfolgte.<\/p>\n\n\n\n<p>Unser Dank gilt auch allen Firmen und deren Mitarbeitern f\u00fcr die tatkr\u00e4ftige Unterst\u00fctzung bei der Bearbeitung des Projektes.<\/p>\n<\/div>\n<\/div>\n<\/div>\n\n\n\n<div class=\"wp-block-group is-nowrap is-layout-flex wp-container-core-group-is-layout-6c531013 wp-block-group-is-layout-flex\">\n<div class=\"wp-block-group alignwide is-layout-flow wp-block-group-is-layout-flow\" style=\"padding-top:var(--wp--preset--spacing--30);padding-right:var(--wp--preset--spacing--40);padding-bottom:var(--wp--preset--spacing--20);padding-left:0\">\n<div class=\"wp-block-group alignwide is-content-justification-center is-nowrap is-layout-flex wp-container-core-group-is-layout-3c8805c5 wp-block-group-is-layout-flex\">\n<div class=\"wp-block-group alignwide has-global-padding is-content-justification-center is-layout-constrained wp-block-group-is-layout-constrained\">\n<div class=\"wp-block-columns are-vertically-aligned-center is-layout-flex wp-container-core-columns-is-layout-59e203da wp-block-columns-is-layout-flex\" style=\"padding-right:0;padding-left:0\">\n<div class=\"wp-block-column is-vertically-aligned-center has-pfi-grey-background-color has-background is-layout-flow wp-block-column-is-layout-flow\" style=\"border-radius:20px;padding-top:var(--wp--preset--spacing--10);padding-right:var(--wp--preset--spacing--20);padding-bottom:var(--wp--preset--spacing--10);padding-left:var(--wp--preset--spacing--20);flex-basis:100%\">\n<div class=\"wp-block-group is-vertical is-content-justification-center is-layout-flex wp-container-core-group-is-layout-f2d29298 wp-block-group-is-layout-flex\" style=\"padding-top:var(--wp--preset--spacing--20);padding-right:0;padding-bottom:var(--wp--preset--spacing--20);padding-left:0\">\n<figure class=\"wp-block-image size-full is-resized has-custom-border\"><img loading=\"lazy\" decoding=\"async\" width=\"512\" height=\"639\" src=\"https:\/\/pfi-germany.de\/wp-content\/uploads\/2025\/05\/Portrait-Tatjana-Hubel-edited-1.png\" alt=\"\" class=\"wp-image-5721\" style=\"border-radius:10px;aspect-ratio:3\/4;object-fit:cover;width:146px;height:auto\" srcset=\"https:\/\/pfi-germany.de\/wp-content\/uploads\/2025\/05\/Portrait-Tatjana-Hubel-edited-1.png 512w, https:\/\/pfi-germany.de\/wp-content\/uploads\/2025\/05\/Portrait-Tatjana-Hubel-edited-1-240x300.png 240w, https:\/\/pfi-germany.de\/wp-content\/uploads\/2025\/05\/Portrait-Tatjana-Hubel-edited-1-50x62.png 50w, https:\/\/pfi-germany.de\/wp-content\/uploads\/2025\/05\/Portrait-Tatjana-Hubel-edited-1-10x12.png 10w\" sizes=\"auto, (max-width: 512px) 100vw, 512px\" \/><\/figure>\n\n\n\n<div class=\"wp-block-group is-vertical is-content-justification-center is-layout-flex wp-container-core-group-is-layout-3b2b917d wp-block-group-is-layout-flex\">\n<h3 class=\"wp-block-heading has-text-align-center has-pfi-blue-color has-text-color has-link-color wp-elements-f92eac28dfd6702e2647c22424e1422b\" style=\"font-size:clamp(0.984rem, 0.984rem + ((1vw - 0.2rem) * 0.86), 1.5rem);\">Dr. <strong><strong><strong><strong>Tatjana Hubel<\/strong><\/strong><\/strong><\/strong><\/h3>\n\n\n\n<div class=\"wp-block-group is-vertical is-content-justification-center is-layout-flex wp-container-core-group-is-layout-d60e23ab wp-block-group-is-layout-flex\" style=\"margin-top:0;margin-bottom:0\">\n<p class=\"has-text-align-center\"><strong>ISC <\/strong><\/p>\n\n\n\n<p class=\"has-text-align-center\">Schulung &amp; Forschung<\/p>\n<\/div>\n\n\n\n<div class=\"wp-block-group is-vertical is-layout-flex wp-container-core-group-is-layout-fe9cc265 wp-block-group-is-layout-flex\">\n<div class=\"wp-block-buttons has-custom-font-size has-white-background-color has-background has-link-color has-small-font-size wp-elements-581489447e28c86634e668a97180ad75 is-layout-flex wp-block-buttons-is-layout-flex\" style=\"border-radius:10px;font-style:normal;font-weight:1000\">\n<div class=\"wp-block-button\"><a class=\"wp-block-button__link has-pfi-blue-color has-white-background-color has-text-color has-background has-link-color has-small-font-size has-custom-font-size wp-element-button\" href=\"tel:+4963312490971\" style=\"border-radius:10px;font-style:normal;font-weight:1000\" target=\"_blank\" rel=\"noreferrer noopener\">\ud83d\udcde +49 6331 2490 971<\/a><\/div>\n<\/div>\n<\/div>\n\n\n\n<div class=\"wp-block-group is-vertical is-layout-flex wp-container-core-group-is-layout-fe9cc265 wp-block-group-is-layout-flex\">\n<div class=\"wp-block-buttons has-custom-font-size has-white-background-color has-background has-link-color has-small-font-size wp-elements-68306adb909ff312619a901cce725d9b is-layout-flex wp-block-buttons-is-layout-flex\" style=\"border-radius:10px;font-style:normal;font-weight:1000\">\n<div class=\"wp-block-button\"><a class=\"wp-block-button__link has-pfi-blue-color has-white-background-color has-text-color has-background has-link-color has-small-font-size has-custom-font-size wp-element-button\" href=\"mailto:tatjana.hubel@isc-germany.com\" style=\"border-radius:10px;font-style:normal;font-weight:1000\" target=\"_blank\" rel=\"noreferrer noopener\">\u2709\ufe0f  E-Mail schreiben <\/a><\/div>\n<\/div>\n<\/div>\n<\/div>\n<\/div>\n<\/div>\n<\/div>\n<\/div>\n<\/div>\n<\/div>\n\n\n\n<div class=\"wp-block-group is-vertical is-layout-flex wp-container-core-group-is-layout-fe9cc265 wp-block-group-is-layout-flex\">\n<figure class=\"wp-block-image size-full is-resized\"><a href=\"https:\/\/www.bundeswirtschaftsministerium.de\/Navigation\/DE\/Home\/home.html\"><img loading=\"lazy\" decoding=\"async\" width=\"1024\" height=\"525\" src=\"https:\/\/pfi-germany.de\/wp-content\/uploads\/2025\/08\/Bundesministerium_fur_Wirtschaft_und_Energie_Logo.png\" alt=\"\" class=\"wp-image-6993\" style=\"object-fit:cover;width:249px;height:auto\" srcset=\"https:\/\/pfi-germany.de\/wp-content\/uploads\/2025\/08\/Bundesministerium_fur_Wirtschaft_und_Energie_Logo.png 1024w, https:\/\/pfi-germany.de\/wp-content\/uploads\/2025\/08\/Bundesministerium_fur_Wirtschaft_und_Energie_Logo-300x154.png 300w, https:\/\/pfi-germany.de\/wp-content\/uploads\/2025\/08\/Bundesministerium_fur_Wirtschaft_und_Energie_Logo-768x394.png 768w, https:\/\/pfi-germany.de\/wp-content\/uploads\/2025\/08\/Bundesministerium_fur_Wirtschaft_und_Energie_Logo-50x26.png 50w, https:\/\/pfi-germany.de\/wp-content\/uploads\/2025\/08\/Bundesministerium_fur_Wirtschaft_und_Energie_Logo-18x9.png 18w\" sizes=\"auto, (max-width: 1024px) 100vw, 1024px\" \/><\/a><\/figure>\n\n\n\n<figure class=\"wp-block-image size-full\"><a href=\"https:\/\/www.igf-foerderung.de\/\"><img loading=\"lazy\" decoding=\"async\" width=\"244\" height=\"115\" src=\"https:\/\/pfi-germany.de\/wp-content\/uploads\/2025\/08\/IGF-Logo.png\" alt=\"\" class=\"wp-image-6994\" style=\"object-fit:cover\" srcset=\"https:\/\/pfi-germany.de\/wp-content\/uploads\/2025\/08\/IGF-Logo.png 244w, https:\/\/pfi-germany.de\/wp-content\/uploads\/2025\/08\/IGF-Logo-50x24.png 50w, https:\/\/pfi-germany.de\/wp-content\/uploads\/2025\/08\/IGF-Logo-18x8.png 18w\" sizes=\"auto, (max-width: 244px) 100vw, 244px\" \/><\/a><\/figure>\n<\/div>\n\n\n\n<div class=\"wp-block-group is-vertical is-layout-flex wp-container-core-group-is-layout-fe9cc265 wp-block-group-is-layout-flex\">\n<figure class=\"wp-block-image size-full is-resized\"><a href=\"https:\/\/www.dlr.de\/de\"><img loading=\"lazy\" decoding=\"async\" width=\"444\" height=\"296\" src=\"https:\/\/pfi-germany.de\/wp-content\/uploads\/2025\/08\/DLR-Logo.jpg\" alt=\"\" class=\"wp-image-6997\" style=\"object-fit:cover;width:249px;height:auto\" srcset=\"https:\/\/pfi-germany.de\/wp-content\/uploads\/2025\/08\/DLR-Logo.jpg 444w, https:\/\/pfi-germany.de\/wp-content\/uploads\/2025\/08\/DLR-Logo-300x200.jpg 300w, https:\/\/pfi-germany.de\/wp-content\/uploads\/2025\/08\/DLR-Logo-50x33.jpg 50w, https:\/\/pfi-germany.de\/wp-content\/uploads\/2025\/08\/DLR-Logo-18x12.jpg 18w\" sizes=\"auto, (max-width: 444px) 100vw, 444px\" \/><\/a><\/figure>\n<\/div>\n<\/div>\n\n\n\n<div class=\"wp-block-group has-global-padding is-content-justification-left is-layout-constrained wp-container-core-group-is-layout-00957634 wp-block-group-is-layout-constrained\" style=\"padding-top:0;padding-right:0;padding-bottom:var(--wp--preset--spacing--20);padding-left:0\">\n<h3 class=\"wp-block-heading has-pfi-blue-color has-text-color has-link-color has-medium-font-size wp-elements-a9b825d56e71d0acdc7afa636e515bfd\">Abschlussbericht<\/h3>\n\n\n\n<p class=\"has-small-font-size\">Der vollst\u00e4ndige Abschlussbericht kann gegen eine geringe Aufwandsentsch\u00e4digung per Mail an <a href=\"mailto:marketing@pfi-germany.de\">marketing@pfi-germany.de<\/a> als PDF angefordert werden.<\/p>\n<\/div>\n\n\n\n<div class=\"wp-block-group is-layout-flow wp-block-group-is-layout-flow\" style=\"padding-right:0;padding-left:0\">\n<div class=\"wp-block-group alignfull is-content-justification-center is-nowrap is-layout-flex wp-container-core-group-is-layout-023ea1b8 wp-block-group-is-layout-flex\" style=\"margin-top:0;margin-bottom:0;padding-top:var(--wp--preset--spacing--20);padding-bottom:var(--wp--preset--spacing--20)\">\n<div class=\"gradient-separator-up\"><\/div>\n<\/div>\n\n\n\n<p class=\"has-text-align-center wp-container-content-0733e5d0\"><strong>Jetzt zum Newsletter anmelden und immer informiert bleiben!<\/strong><\/p>\n\n\n\n<p class=\"has-text-align-center wp-container-content-0733e5d0\">Hat Ihnen unser Blogartikel gefallen? Dann melden Sie sich am besten gleich f\u00fcr unseren Newsletter an! Dieser erscheint quartalsweise und versorgt Sie mit spannenden Einblicken rund um das PFI. Aktuelle Themen rund um Forschung, Entwicklung und Pr\u00fcfung &#8211; bleiben Sie informiert und immer auf dem neuesten Stand!&nbsp;<\/p>\n\n\n\n<div class=\"wp-block-buttons is-content-justification-center is-layout-flex wp-container-core-buttons-is-layout-10860990 wp-block-buttons-is-layout-flex\" style=\"padding-top:var(--wp--preset--spacing--10);padding-bottom:var(--wp--preset--spacing--10)\">\n<div class=\"wp-block-button has-custom-font-size\" style=\"font-size:clamp(0.875rem, 0.875rem + ((1vw - 0.2rem) * 0.708), 1.3rem);\"><a class=\"wp-block-button__link has-white-color has-pfi-blue-background-color has-text-color has-background has-link-color wp-element-button\" href=\"https:\/\/pfi-germany.de\/newsletteranmeldung\/\" style=\"padding-right:var(--wp--preset--spacing--30);padding-left:var(--wp--preset--spacing--30)\">Newsletteranmeldung<\/a><\/div>\n<\/div>\n<\/div>\n","protected":false},"excerpt":{"rendered":"<p>Sicherheit von Schuhen mit elektronischen Komponenten im Rahmen des Elektronikger\u00e4tegesetzes (ElektroG) Projektinformationen Laufzeit: 01. M\u00e4rz 2022 bis 31. August 2024 Projekttr\u00e4ger: Deutsches Zentrum f\u00fcr Luft- und Raumfahrt (DLR) Ausgangslage: Das ElektroG Gesetz stellt hohe Anforderungen und Verpflichtungen an KMU und erschwert den \u201eMarkteintritt\u201c. Ziele: Ziel des beantragten Projekts ist die Erarbeitung, Herstellung und Pr\u00fcfung neuer [&hellip;]<\/p>\n","protected":false},"author":4,"featured_media":6948,"comment_status":"closed","ping_status":"closed","sticky":false,"template":"","format":"standard","meta":{"footnotes":""},"categories":[60,6],"tags":[64,77],"class_list":["post-6945","post","type-post","status-publish","format-standard","has-post-thumbnail","hentry","category-abgeschlossene-forschungsprojekte","category-forschungsprojekte","tag-forschung","tag-schuhtechnik"],"yoast_head":"<!-- This site is optimized with the Yoast SEO plugin v27.3 - https:\/\/yoast.com\/product\/yoast-seo-wordpress\/ -->\n<title>S2TecKEr - Pr\u00fcf- und Forschungsinstitut Pirmasens e.V.<\/title>\n<meta name=\"robots\" content=\"index, follow, max-snippet:-1, max-image-preview:large, max-video-preview:-1\" \/>\n<link rel=\"canonical\" href=\"https:\/\/pfi-germany.de\/de\/s2tecker\/\" \/>\n<meta property=\"og:locale\" content=\"de_DE\" \/>\n<meta property=\"og:type\" content=\"article\" \/>\n<meta property=\"og:title\" content=\"S2TecKEr - Pr\u00fcf- und Forschungsinstitut Pirmasens e.V.\" \/>\n<meta property=\"og:description\" content=\"Sicherheit von Schuhen mit elektronischen Komponenten im Rahmen des Elektronikger\u00e4tegesetzes (ElektroG) Projektinformationen Laufzeit: 01. M\u00e4rz 2022 bis 31. August 2024 Projekttr\u00e4ger: Deutsches Zentrum f\u00fcr Luft- und Raumfahrt (DLR) Ausgangslage: Das ElektroG Gesetz stellt hohe Anforderungen und Verpflichtungen an KMU und erschwert den \u201eMarkteintritt\u201c. Ziele: Ziel des beantragten Projekts ist die Erarbeitung, Herstellung und Pr\u00fcfung neuer [&hellip;]\" \/>\n<meta property=\"og:url\" content=\"https:\/\/pfi-germany.de\/de\/s2tecker\/\" \/>\n<meta property=\"og:site_name\" content=\"Pr\u00fcf- und Forschungsinstitut Pirmasens e.V.\" \/>\n<meta property=\"article:publisher\" content=\"https:\/\/www.facebook.com\/people\/Pruef-und-Forschungsinstitut-Pirmasens-e-V\/100057088164342\/\" \/>\n<meta property=\"article:published_time\" content=\"2025-08-13T11:45:50+00:00\" \/>\n<meta property=\"article:modified_time\" content=\"2026-01-19T10:34:12+00:00\" \/>\n<meta property=\"og:image\" content=\"https:\/\/pfi-germany.de\/wp-content\/uploads\/2025\/08\/Stecker-Icon-II.png\" \/>\n\t<meta property=\"og:image:width\" content=\"808\" \/>\n\t<meta property=\"og:image:height\" content=\"540\" \/>\n\t<meta property=\"og:image:type\" content=\"image\/png\" \/>\n<meta name=\"author\" content=\"SSchaefer\" \/>\n<meta name=\"twitter:card\" content=\"summary_large_image\" \/>\n<meta name=\"twitter:label1\" content=\"Verfasst von\" \/>\n\t<meta name=\"twitter:data1\" content=\"SSchaefer\" \/>\n\t<meta name=\"twitter:label2\" content=\"Gesch\u00e4tzte Lesezeit\" \/>\n\t<meta name=\"twitter:data2\" content=\"4\u00a0Minuten\" \/>\n<script type=\"application\/ld+json\" class=\"yoast-schema-graph\">{\"@context\":\"https:\\\/\\\/schema.org\",\"@graph\":[{\"@type\":\"Article\",\"@id\":\"https:\\\/\\\/pfi-germany.de\\\/s2tecker\\\/#article\",\"isPartOf\":{\"@id\":\"https:\\\/\\\/pfi-germany.de\\\/s2tecker\\\/\"},\"author\":{\"name\":\"SSchaefer\",\"@id\":\"https:\\\/\\\/pfi-germany.de\\\/de\\\/#\\\/schema\\\/person\\\/3fdc587dbd4a7441ddae9c5c0a3623f2\"},\"headline\":\"S2TecKEr\",\"datePublished\":\"2025-08-13T11:45:50+00:00\",\"dateModified\":\"2026-01-19T10:34:12+00:00\",\"mainEntityOfPage\":{\"@id\":\"https:\\\/\\\/pfi-germany.de\\\/s2tecker\\\/\"},\"wordCount\":404,\"publisher\":{\"@id\":\"https:\\\/\\\/pfi-germany.de\\\/de\\\/#organization\"},\"image\":{\"@id\":\"https:\\\/\\\/pfi-germany.de\\\/s2tecker\\\/#primaryimage\"},\"thumbnailUrl\":\"https:\\\/\\\/pfi-germany.de\\\/wp-content\\\/uploads\\\/2025\\\/08\\\/Stecker-Icon-II.png\",\"keywords\":[\"#forschung\",\"#schuhtechnik\"],\"articleSection\":[\"abgeschlossene Forschungsprojekte\",\"Forschungsprojekte\"],\"inLanguage\":\"de\"},{\"@type\":\"WebPage\",\"@id\":\"https:\\\/\\\/pfi-germany.de\\\/s2tecker\\\/\",\"url\":\"https:\\\/\\\/pfi-germany.de\\\/s2tecker\\\/\",\"name\":\"S2TecKEr - Pr\u00fcf- und Forschungsinstitut Pirmasens e.V.\",\"isPartOf\":{\"@id\":\"https:\\\/\\\/pfi-germany.de\\\/de\\\/#website\"},\"primaryImageOfPage\":{\"@id\":\"https:\\\/\\\/pfi-germany.de\\\/s2tecker\\\/#primaryimage\"},\"image\":{\"@id\":\"https:\\\/\\\/pfi-germany.de\\\/s2tecker\\\/#primaryimage\"},\"thumbnailUrl\":\"https:\\\/\\\/pfi-germany.de\\\/wp-content\\\/uploads\\\/2025\\\/08\\\/Stecker-Icon-II.png\",\"datePublished\":\"2025-08-13T11:45:50+00:00\",\"dateModified\":\"2026-01-19T10:34:12+00:00\",\"breadcrumb\":{\"@id\":\"https:\\\/\\\/pfi-germany.de\\\/s2tecker\\\/#breadcrumb\"},\"inLanguage\":\"de\",\"potentialAction\":[{\"@type\":\"ReadAction\",\"target\":[\"https:\\\/\\\/pfi-germany.de\\\/s2tecker\\\/\"]}]},{\"@type\":\"ImageObject\",\"inLanguage\":\"de\",\"@id\":\"https:\\\/\\\/pfi-germany.de\\\/s2tecker\\\/#primaryimage\",\"url\":\"https:\\\/\\\/pfi-germany.de\\\/wp-content\\\/uploads\\\/2025\\\/08\\\/Stecker-Icon-II.png\",\"contentUrl\":\"https:\\\/\\\/pfi-germany.de\\\/wp-content\\\/uploads\\\/2025\\\/08\\\/Stecker-Icon-II.png\",\"width\":808,\"height\":540},{\"@type\":\"BreadcrumbList\",\"@id\":\"https:\\\/\\\/pfi-germany.de\\\/s2tecker\\\/#breadcrumb\",\"itemListElement\":[{\"@type\":\"ListItem\",\"position\":1,\"name\":\"Home\",\"item\":\"https:\\\/\\\/pfi-germany.de\\\/\"},{\"@type\":\"ListItem\",\"position\":2,\"name\":\"S2TecKEr\"}]},{\"@type\":\"WebSite\",\"@id\":\"https:\\\/\\\/pfi-germany.de\\\/de\\\/#website\",\"url\":\"https:\\\/\\\/pfi-germany.de\\\/de\\\/\",\"name\":\"PFI 2024\",\"description\":\"\",\"publisher\":{\"@id\":\"https:\\\/\\\/pfi-germany.de\\\/de\\\/#organization\"},\"potentialAction\":[{\"@type\":\"SearchAction\",\"target\":{\"@type\":\"EntryPoint\",\"urlTemplate\":\"https:\\\/\\\/pfi-germany.de\\\/de\\\/?s={search_term_string}\"},\"query-input\":{\"@type\":\"PropertyValueSpecification\",\"valueRequired\":true,\"valueName\":\"search_term_string\"}}],\"inLanguage\":\"de\"},{\"@type\":\"Organization\",\"@id\":\"https:\\\/\\\/pfi-germany.de\\\/de\\\/#organization\",\"name\":\"PFI 2024\",\"url\":\"https:\\\/\\\/pfi-germany.de\\\/de\\\/\",\"logo\":{\"@type\":\"ImageObject\",\"inLanguage\":\"de\",\"@id\":\"https:\\\/\\\/pfi-germany.de\\\/de\\\/#\\\/schema\\\/logo\\\/image\\\/\",\"url\":\"https:\\\/\\\/pfi-germany.de\\\/wp-content\\\/uploads\\\/2024\\\/09\\\/logo.jpg\",\"contentUrl\":\"https:\\\/\\\/pfi-germany.de\\\/wp-content\\\/uploads\\\/2024\\\/09\\\/logo.jpg\",\"width\":329,\"height\":120,\"caption\":\"PFI 2024\"},\"image\":{\"@id\":\"https:\\\/\\\/pfi-germany.de\\\/de\\\/#\\\/schema\\\/logo\\\/image\\\/\"},\"sameAs\":[\"https:\\\/\\\/www.facebook.com\\\/people\\\/Pruef-und-Forschungsinstitut-Pirmasens-e-V\\\/100057088164342\\\/\",\"https:\\\/\\\/www.instagram.com\\\/pfi_germany\\\/\",\"https:\\\/\\\/www.youtube.com\\\/channel\\\/UCITCYhey0fqJRRjiH7Gw3sg\",\"https:\\\/\\\/de.linkedin.com\\\/company\\\/pfi-germany\"]},{\"@type\":\"Person\",\"@id\":\"https:\\\/\\\/pfi-germany.de\\\/de\\\/#\\\/schema\\\/person\\\/3fdc587dbd4a7441ddae9c5c0a3623f2\",\"name\":\"SSchaefer\",\"image\":{\"@type\":\"ImageObject\",\"inLanguage\":\"de\",\"@id\":\"https:\\\/\\\/secure.gravatar.com\\\/avatar\\\/4cdc792ce8845448b375e79a6ab7c785431420281219e84046192c8133223580?s=96&d=mm&r=g\",\"url\":\"https:\\\/\\\/secure.gravatar.com\\\/avatar\\\/4cdc792ce8845448b375e79a6ab7c785431420281219e84046192c8133223580?s=96&d=mm&r=g\",\"contentUrl\":\"https:\\\/\\\/secure.gravatar.com\\\/avatar\\\/4cdc792ce8845448b375e79a6ab7c785431420281219e84046192c8133223580?s=96&d=mm&r=g\",\"caption\":\"SSchaefer\"},\"url\":\"https:\\\/\\\/pfi-germany.de\\\/de\\\/author\\\/sschaefer\\\/\"}]}<\/script>\n<!-- \/ Yoast SEO plugin. -->","yoast_head_json":{"title":"S2TecKEr - Pr\u00fcf- und Forschungsinstitut Pirmasens e.V.","robots":{"index":"index","follow":"follow","max-snippet":"max-snippet:-1","max-image-preview":"max-image-preview:large","max-video-preview":"max-video-preview:-1"},"canonical":"https:\/\/pfi-germany.de\/de\/s2tecker\/","og_locale":"de_DE","og_type":"article","og_title":"S2TecKEr - Pr\u00fcf- und Forschungsinstitut Pirmasens e.V.","og_description":"Sicherheit von Schuhen mit elektronischen Komponenten im Rahmen des Elektronikger\u00e4tegesetzes (ElektroG) Projektinformationen Laufzeit: 01. M\u00e4rz 2022 bis 31. August 2024 Projekttr\u00e4ger: Deutsches Zentrum f\u00fcr Luft- und Raumfahrt (DLR) Ausgangslage: Das ElektroG Gesetz stellt hohe Anforderungen und Verpflichtungen an KMU und erschwert den \u201eMarkteintritt\u201c. Ziele: Ziel des beantragten Projekts ist die Erarbeitung, Herstellung und Pr\u00fcfung neuer [&hellip;]","og_url":"https:\/\/pfi-germany.de\/de\/s2tecker\/","og_site_name":"Pr\u00fcf- und Forschungsinstitut Pirmasens e.V.","article_publisher":"https:\/\/www.facebook.com\/people\/Pruef-und-Forschungsinstitut-Pirmasens-e-V\/100057088164342\/","article_published_time":"2025-08-13T11:45:50+00:00","article_modified_time":"2026-01-19T10:34:12+00:00","og_image":[{"width":808,"height":540,"url":"https:\/\/pfi-germany.de\/wp-content\/uploads\/2025\/08\/Stecker-Icon-II.png","type":"image\/png"}],"author":"SSchaefer","twitter_card":"summary_large_image","twitter_misc":{"Verfasst von":"SSchaefer","Gesch\u00e4tzte Lesezeit":"4\u00a0Minuten"},"schema":{"@context":"https:\/\/schema.org","@graph":[{"@type":"Article","@id":"https:\/\/pfi-germany.de\/s2tecker\/#article","isPartOf":{"@id":"https:\/\/pfi-germany.de\/s2tecker\/"},"author":{"name":"SSchaefer","@id":"https:\/\/pfi-germany.de\/de\/#\/schema\/person\/3fdc587dbd4a7441ddae9c5c0a3623f2"},"headline":"S2TecKEr","datePublished":"2025-08-13T11:45:50+00:00","dateModified":"2026-01-19T10:34:12+00:00","mainEntityOfPage":{"@id":"https:\/\/pfi-germany.de\/s2tecker\/"},"wordCount":404,"publisher":{"@id":"https:\/\/pfi-germany.de\/de\/#organization"},"image":{"@id":"https:\/\/pfi-germany.de\/s2tecker\/#primaryimage"},"thumbnailUrl":"https:\/\/pfi-germany.de\/wp-content\/uploads\/2025\/08\/Stecker-Icon-II.png","keywords":["#forschung","#schuhtechnik"],"articleSection":["abgeschlossene Forschungsprojekte","Forschungsprojekte"],"inLanguage":"de"},{"@type":"WebPage","@id":"https:\/\/pfi-germany.de\/s2tecker\/","url":"https:\/\/pfi-germany.de\/s2tecker\/","name":"S2TecKEr - Pr\u00fcf- und Forschungsinstitut Pirmasens e.V.","isPartOf":{"@id":"https:\/\/pfi-germany.de\/de\/#website"},"primaryImageOfPage":{"@id":"https:\/\/pfi-germany.de\/s2tecker\/#primaryimage"},"image":{"@id":"https:\/\/pfi-germany.de\/s2tecker\/#primaryimage"},"thumbnailUrl":"https:\/\/pfi-germany.de\/wp-content\/uploads\/2025\/08\/Stecker-Icon-II.png","datePublished":"2025-08-13T11:45:50+00:00","dateModified":"2026-01-19T10:34:12+00:00","breadcrumb":{"@id":"https:\/\/pfi-germany.de\/s2tecker\/#breadcrumb"},"inLanguage":"de","potentialAction":[{"@type":"ReadAction","target":["https:\/\/pfi-germany.de\/s2tecker\/"]}]},{"@type":"ImageObject","inLanguage":"de","@id":"https:\/\/pfi-germany.de\/s2tecker\/#primaryimage","url":"https:\/\/pfi-germany.de\/wp-content\/uploads\/2025\/08\/Stecker-Icon-II.png","contentUrl":"https:\/\/pfi-germany.de\/wp-content\/uploads\/2025\/08\/Stecker-Icon-II.png","width":808,"height":540},{"@type":"BreadcrumbList","@id":"https:\/\/pfi-germany.de\/s2tecker\/#breadcrumb","itemListElement":[{"@type":"ListItem","position":1,"name":"Home","item":"https:\/\/pfi-germany.de\/"},{"@type":"ListItem","position":2,"name":"S2TecKEr"}]},{"@type":"WebSite","@id":"https:\/\/pfi-germany.de\/de\/#website","url":"https:\/\/pfi-germany.de\/de\/","name":"PFI 2024","description":"","publisher":{"@id":"https:\/\/pfi-germany.de\/de\/#organization"},"potentialAction":[{"@type":"SearchAction","target":{"@type":"EntryPoint","urlTemplate":"https:\/\/pfi-germany.de\/de\/?s={search_term_string}"},"query-input":{"@type":"PropertyValueSpecification","valueRequired":true,"valueName":"search_term_string"}}],"inLanguage":"de"},{"@type":"Organization","@id":"https:\/\/pfi-germany.de\/de\/#organization","name":"PFI 2024","url":"https:\/\/pfi-germany.de\/de\/","logo":{"@type":"ImageObject","inLanguage":"de","@id":"https:\/\/pfi-germany.de\/de\/#\/schema\/logo\/image\/","url":"https:\/\/pfi-germany.de\/wp-content\/uploads\/2024\/09\/logo.jpg","contentUrl":"https:\/\/pfi-germany.de\/wp-content\/uploads\/2024\/09\/logo.jpg","width":329,"height":120,"caption":"PFI 2024"},"image":{"@id":"https:\/\/pfi-germany.de\/de\/#\/schema\/logo\/image\/"},"sameAs":["https:\/\/www.facebook.com\/people\/Pruef-und-Forschungsinstitut-Pirmasens-e-V\/100057088164342\/","https:\/\/www.instagram.com\/pfi_germany\/","https:\/\/www.youtube.com\/channel\/UCITCYhey0fqJRRjiH7Gw3sg","https:\/\/de.linkedin.com\/company\/pfi-germany"]},{"@type":"Person","@id":"https:\/\/pfi-germany.de\/de\/#\/schema\/person\/3fdc587dbd4a7441ddae9c5c0a3623f2","name":"SSchaefer","image":{"@type":"ImageObject","inLanguage":"de","@id":"https:\/\/secure.gravatar.com\/avatar\/4cdc792ce8845448b375e79a6ab7c785431420281219e84046192c8133223580?s=96&d=mm&r=g","url":"https:\/\/secure.gravatar.com\/avatar\/4cdc792ce8845448b375e79a6ab7c785431420281219e84046192c8133223580?s=96&d=mm&r=g","contentUrl":"https:\/\/secure.gravatar.com\/avatar\/4cdc792ce8845448b375e79a6ab7c785431420281219e84046192c8133223580?s=96&d=mm&r=g","caption":"SSchaefer"},"url":"https:\/\/pfi-germany.de\/de\/author\/sschaefer\/"}]}},"_links":{"self":[{"href":"https:\/\/pfi-germany.de\/de\/wp-json\/wp\/v2\/posts\/6945","targetHints":{"allow":["GET"]}}],"collection":[{"href":"https:\/\/pfi-germany.de\/de\/wp-json\/wp\/v2\/posts"}],"about":[{"href":"https:\/\/pfi-germany.de\/de\/wp-json\/wp\/v2\/types\/post"}],"author":[{"embeddable":true,"href":"https:\/\/pfi-germany.de\/de\/wp-json\/wp\/v2\/users\/4"}],"replies":[{"embeddable":true,"href":"https:\/\/pfi-germany.de\/de\/wp-json\/wp\/v2\/comments?post=6945"}],"version-history":[{"count":13,"href":"https:\/\/pfi-germany.de\/de\/wp-json\/wp\/v2\/posts\/6945\/revisions"}],"predecessor-version":[{"id":10518,"href":"https:\/\/pfi-germany.de\/de\/wp-json\/wp\/v2\/posts\/6945\/revisions\/10518"}],"wp:featuredmedia":[{"embeddable":true,"href":"https:\/\/pfi-germany.de\/de\/wp-json\/wp\/v2\/media\/6948"}],"wp:attachment":[{"href":"https:\/\/pfi-germany.de\/de\/wp-json\/wp\/v2\/media?parent=6945"}],"wp:term":[{"taxonomy":"category","embeddable":true,"href":"https:\/\/pfi-germany.de\/de\/wp-json\/wp\/v2\/categories?post=6945"},{"taxonomy":"post_tag","embeddable":true,"href":"https:\/\/pfi-germany.de\/de\/wp-json\/wp\/v2\/tags?post=6945"}],"curies":[{"name":"wp","href":"https:\/\/api.w.org\/{rel}","templated":true}]}}