{"id":6523,"date":"2025-07-01T12:38:35","date_gmt":"2025-07-01T12:38:35","guid":{"rendered":"https:\/\/pfi-germany.de\/?p=6523"},"modified":"2025-08-08T08:38:20","modified_gmt":"2025-08-08T08:38:20","slug":"regelungen-rund-um-pfas-in-schuhen-was-hersteller-jetzt-wissen-muessen","status":"publish","type":"post","link":"https:\/\/pfi-germany.de\/de\/regelungen-rund-um-pfas-in-schuhen-was-hersteller-jetzt-wissen-muessen\/","title":{"rendered":"Regelungen rund um PFAS in Schuhen: Was Hersteller jetzt wissen m\u00fcssen"},"content":{"rendered":"\n<div class=\"wp-block-group has-global-padding is-layout-constrained wp-block-group-is-layout-constrained\">\n<div class=\"wp-block-columns alignwide is-layout-flex wp-container-core-columns-is-layout-28f84493 wp-block-columns-is-layout-flex\">\n<div class=\"wp-block-column is-layout-flow wp-block-column-is-layout-flow\" style=\"flex-basis:100%\">\n<div class=\"wp-block-group is-vertical is-layout-flex wp-container-core-group-is-layout-fe9cc265 wp-block-group-is-layout-flex\">\n<p class=\"wp-container-content-cf2db169\"><strong>Regelungen rund um PFAS<\/strong> r\u00fccken durch die EU-Beschr\u00e4nkungen f\u00fcr per- und polyfluorierte Alkylsubstanzen (PFAS) zunehmend in den Fokus der Schuh- und Textilindustrie. Doch was genau beinhalten die neuen Vorschriften? Welche Ausnahmen gelten? Und wie sollten Unternehmen mit Unsicherheiten bei Materialien und Pr\u00fcfmethoden umgehen? Antworten auf diese Fragen lieferte Dr. Ines Anderie, Abteilungsleiterin der chemischen Analytik am Pr\u00fcf- und Forschungsinstitut Pirmasens e.\u202fV. (PFI), im Rahmen der internationalen Seminarreihe <strong>\u201e2025 CADS RSL &amp; PFAS Updates \u2013 Interpretation\u201c<\/strong>. Die wichtigsten Informationen zu den <strong>aktuellen Regelungen rund um PFAS<\/strong> haben wir hier f\u00fcr Sie zusammengefasst.<\/p>\n\n\n\n<h2 class=\"wp-block-heading has-white-color has-custom-pfi-farbverlauf-gradient-background has-text-color has-background\" style=\"border-radius:10px;padding-top:0.5rem;padding-right:var(--wp--preset--spacing--20);padding-bottom:0.5rem;padding-left:var(--wp--preset--spacing--20);font-size:clamp(0.875rem, 0.875rem + ((1vw - 0.2rem) * 0.375), 1.1rem);\">Gibt es Ausnahmen in den PFAS-Regelungen f\u00fcr Sicherheitsschuhe?<\/h2>\n\n\n\n<p class=\"wp-container-content-cf2db169\">Ja, Regelungen rund um PFAS sehen bestimmte Ausnahmen vor \u2013 etwa f\u00fcr Pers\u00f6nliche Schutzausr\u00fcstung (PSA) wie Feuerwehrstiefel. Auch nach Inkrafttreten eines vollst\u00e4ndigen PFAS-Verbots k\u00f6nnten weitere Ausnahmen folgen. Dennoch gilt: Wer PFAS vermeiden oder gezielt pr\u00fcfen m\u00f6chte, muss die Regelungen genau kennen und darf Ausnahmetatbest\u00e4nde nicht pauschal annehmen.<\/p>\n\n\n\n<h2 class=\"wp-block-heading has-white-color has-custom-pfi-farbverlauf-gradient-background has-text-color has-background\" style=\"border-radius:10px;padding-top:0.5rem;padding-right:var(--wp--preset--spacing--20);padding-bottom:0.5rem;padding-left:var(--wp--preset--spacing--20);font-size:clamp(0.875rem, 0.875rem + ((1vw - 0.2rem) * 0.375), 1.1rem);\"><strong>M\u00fcssen auch Schuhe, die nicht explizit wasserdicht sind, auf PFAS getestet werden?<\/strong><\/h2>\n\n\n\n<p class=\"wp-container-content-cf2db169\">Das PFAS-Verbot ist nicht an bestimmte Materialien oder Produktarten gebunden \u2013 es gilt grunds\u00e4tzlich. Auch wenn einige Materialien weiterhin zul\u00e4ssig sind, bleibt unklar, wo PFAS \u00fcberall enthalten sein k\u00f6nnten. In unseren Untersuchungen haben wir PFAS zum Beispiel auch in Polyester und recyceltem Polyester gefunden.<\/p>\n\n\n\n<div style=\"height:0px\" aria-hidden=\"true\" class=\"wp-block-spacer wp-container-content-cf2db169\"><\/div>\n\n\n\n<div class=\"wp-block-group alignfull has-background is-layout-flow wp-block-group-is-layout-flow\" style=\"border-radius:50px;background-color:#d7d8d936;padding-top:0;padding-right:var(--wp--preset--spacing--20);padding-bottom:0;padding-left:var(--wp--preset--spacing--20)\">\n<div class=\"wp-block-group alignfull is-content-justification-center is-nowrap is-layout-flex wp-container-core-group-is-layout-16aa3971 wp-block-group-is-layout-flex\" style=\"margin-top:0;margin-bottom:0;padding-top:0;padding-bottom:0\">\n<div class=\"gradient-separator-up\"><\/div>\n<\/div>\n\n\n\n<p class=\"has-text-align-center has-medium-font-size\">\u201ePFAS k\u00f6nnen mittlerweile in einer Vielzahl von Materialien auftreten \u2013 auch dort, wo man sie fr\u00fcher nicht vermutet h\u00e4tte. Deshalb ist gezieltes Pr\u00fcfen heute wichtiger denn je.\u201c \u2014 <strong>Dr. Ines Anderie<\/strong>, Abteilungsleiterin Chemische Analytik, PFI<\/p>\n\n\n\n<div class=\"wp-block-group alignfull is-content-justification-center is-nowrap is-layout-flex wp-container-core-group-is-layout-23441af8 wp-block-group-is-layout-flex\">\n<div class=\"gradient-separator\"><\/div>\n<\/div>\n<\/div>\n\n\n\n<div style=\"height:0px\" aria-hidden=\"true\" class=\"wp-block-spacer wp-container-content-cf2db169\"><\/div>\n\n\n\n<h2 class=\"wp-block-heading has-white-color has-custom-pfi-farbverlauf-gradient-background has-text-color has-background\" style=\"border-radius:10px;padding-top:0.5rem;padding-right:var(--wp--preset--spacing--20);padding-bottom:0.5rem;padding-left:var(--wp--preset--spacing--20);font-size:clamp(0.875rem, 0.875rem + ((1vw - 0.2rem) * 0.375), 1.1rem);\"><strong><strong>Viele Hersteller sind verunsichert, weil unterschiedliche Marken und Institutionen sehr unterschiedliche Anforderungen an PFAS-Tests stellen. Was raten Sie in diesem Fall?<\/strong><\/strong><\/h2>\n\n\n\n<p class=\"wp-container-content-cf2db169\">Unserer Erfahrung nach ist es sinnvoll, sich an der PFAS-Liste der CADS Restricted Substances List (RSL) zu orientieren. Diese Liste enth\u00e4lt die derzeit relevantesten PFAS, die typischerweise in Kleidung und Schuhen vorkommen \u2013 sie ist also eine praxisnahe und fundierte Grundlage.<\/p>\n\n\n\n<p>Werden PFAS gezielt eingesetzt, etwa \u00fcber Sprays, lassen sie sich meist vermeiden. Problematisch wird es, wenn sie unbeabsichtigt w\u00e4hrend der Materialherstellung eingebracht werden \u2013 dann wissen oft selbst die Zulieferer nichts von ihrer Anwesenheit.<\/p>\n\n\n\n<p class=\"wp-container-content-cf2db169\">Deshalb empfehlen wir, Materialien von Zulieferern regelm\u00e4\u00dfig pr\u00fcfen zu lassen. Bei Farbvarianten oder Chargenwechseln sollte zudem ein Abgleich erfolgen.<\/p>\n\n\n\n<h2 class=\"wp-block-heading has-white-color has-custom-pfi-farbverlauf-gradient-background has-text-color has-background\" style=\"border-radius:10px;padding-top:0.5rem;padding-right:var(--wp--preset--spacing--20);padding-bottom:0.5rem;padding-left:var(--wp--preset--spacing--20);font-size:clamp(0.875rem, 0.875rem + ((1vw - 0.2rem) * 0.375), 1.1rem);\"><strong><strong><strong>Eine letzte Frage: Welche Pr\u00fcfmethoden empfehlen Sie derzeit? Und ist die bisherige Methode EN 17681:2022 noch anwendbar?<\/strong><\/strong><\/strong><\/h2>\n\n\n\n<p class=\"wp-container-content-cf2db169\">Die neue Pr\u00fcfnorm EN 17681-1:2025 wurde am 30. April 2025 ver\u00f6ffentlicht und ersetzt die bisherige Version EN 17681-1:2022. Ab dem 31. Oktober 2025 ist ausschlie\u00dflich die neue Norm g\u00fcltig.<\/p>\n\n\n\n<p class=\"wp-container-content-cf2db169\">Diese Norm ist deutlich strenger und erkennt auch gebundene PFAS in Materialstrukturen \u2013 in der Praxis f\u00fchrt das meist zu h\u00f6heren Messwerten. Wer sich an die <strong>aktuellen Regelungen rund um PFAS<\/strong> halten will, sollte daher fr\u00fchzeitig auf das neue Pr\u00fcfverfahren umstellen.<\/p>\n\n\n\n<h2 class=\"wp-block-heading has-white-color has-custom-pfi-farbverlauf-gradient-background has-text-color has-background\" style=\"border-radius:10px;padding-top:0.5rem;padding-right:var(--wp--preset--spacing--20);padding-bottom:0.5rem;padding-left:var(--wp--preset--spacing--20);font-size:clamp(0.875rem, 0.875rem + ((1vw - 0.2rem) * 0.375), 1.1rem);\"><strong>Was jetzt z\u00e4hlt: Pr\u00fcfen, verstehen, handeln<\/strong><\/h2>\n\n\n\n<p class=\"wp-container-content-cf2db169\">Die Regelungen rund um PFAS bleiben komplex \u2013 und stellt viele Unternehmen der Schuh- und Textilbranche vor neue Herausforderungen. Umso wichtiger ist es, sich fr\u00fchzeitig mit den neuen Anforderungen vertraut zu machen, relevante Materialien gezielt zu pr\u00fcfen und mit verl\u00e4sslichen Partnern zusammenzuarbeiten. Mit der neuen Pr\u00fcfnorm EN 17681-1:2025 und der Orientierung an der CADS RSL-Liste lassen sich viele Unsicherheiten aus dem Weg r\u00e4umen \u2013 und ein wichtiger Schritt in Richtung nachhaltiger Produktsicherheit gehen.<\/p>\n\n\n\n<p class=\"wp-container-content-cf2db169\">Sie haben Fragen zu den Regelungen rund um PFAS oder m\u00f6chten Ihre Produkte pr\u00fcfen lassen?<\/p>\n\n\n\n<h2 class=\"wp-block-heading has-white-color has-custom-pfi-farbverlauf-gradient-background has-text-color has-background\" style=\"border-radius:10px;padding-top:0.5rem;padding-right:var(--wp--preset--spacing--20);padding-bottom:0.5rem;padding-left:var(--wp--preset--spacing--20);font-size:clamp(0.875rem, 0.875rem + ((1vw - 0.2rem) * 0.375), 1.1rem);\"><strong><strong><strong><strong><strong>Kontaktieren Sie unser Expertenteam der chemischen Analytik \u2013 wir beantworten Ihre Fragen gerne!<\/strong><\/strong><\/strong><\/strong><\/strong><\/h2>\n\n\n\n<div class=\"wp-block-group alignwide is-content-justification-left is-nowrap is-layout-flex wp-container-core-group-is-layout-adac0f54 wp-block-group-is-layout-flex\">\n<div class=\"wp-block-group alignwide has-global-padding is-content-justification-center is-layout-constrained wp-block-group-is-layout-constrained\">\n<div class=\"wp-block-columns are-vertically-aligned-center is-layout-flex wp-container-core-columns-is-layout-59e203da wp-block-columns-is-layout-flex\" style=\"padding-right:0;padding-left:0\">\n<div class=\"wp-block-column is-vertically-aligned-center has-pfi-grey-background-color has-background is-layout-flow wp-block-column-is-layout-flow\" style=\"border-radius:20px;padding-top:var(--wp--preset--spacing--10);padding-right:var(--wp--preset--spacing--20);padding-bottom:var(--wp--preset--spacing--10);padding-left:var(--wp--preset--spacing--20);flex-basis:100%\">\n<div class=\"wp-block-group is-vertical is-content-justification-center is-layout-flex wp-container-core-group-is-layout-63331d0c wp-block-group-is-layout-flex\" style=\"padding-top:var(--wp--preset--spacing--20);padding-right:0;padding-bottom:var(--wp--preset--spacing--20);padding-left:0\">\n<figure class=\"wp-block-image size-full is-resized has-custom-border\"><img loading=\"lazy\" decoding=\"async\" width=\"1320\" height=\"1696\" src=\"https:\/\/pfi-germany.de\/wp-content\/uploads\/2025\/06\/image00003-edited.jpeg\" alt=\"\" class=\"wp-image-6165\" style=\"border-radius:10px;width:150px\" srcset=\"https:\/\/pfi-germany.de\/wp-content\/uploads\/2025\/06\/image00003-edited.jpeg 1320w, https:\/\/pfi-germany.de\/wp-content\/uploads\/2025\/06\/image00003-edited-233x300.jpeg 233w, https:\/\/pfi-germany.de\/wp-content\/uploads\/2025\/06\/image00003-edited-797x1024.jpeg 797w, https:\/\/pfi-germany.de\/wp-content\/uploads\/2025\/06\/image00003-edited-768x987.jpeg 768w, https:\/\/pfi-germany.de\/wp-content\/uploads\/2025\/06\/image00003-edited-50x64.jpeg 50w, https:\/\/pfi-germany.de\/wp-content\/uploads\/2025\/06\/image00003-edited-1195x1536.jpeg 1195w, https:\/\/pfi-germany.de\/wp-content\/uploads\/2025\/06\/image00003-edited-9x12.jpeg 9w\" sizes=\"auto, (max-width: 1320px) 100vw, 1320px\" \/><\/figure>\n\n\n\n<div class=\"wp-block-group is-vertical is-content-justification-center is-layout-flex wp-container-core-group-is-layout-b6c1f246 wp-block-group-is-layout-flex\">\n<h3 class=\"wp-block-heading has-text-align-center has-pfi-blue-color has-text-color has-link-color wp-elements-24e72a752759d4bce4702dc701094043\" style=\"font-size:clamp(0.984rem, 0.984rem + ((1vw - 0.2rem) * 0.86), 1.5rem);\"><strong><strong><strong><strong>Dr. Ines Anderie<\/strong><\/strong><\/strong><\/strong><\/h3>\n\n\n\n<p class=\"has-text-align-center\"><strong><strong><strong><strong><strong><strong><strong><strong><strong><strong>Chemie und&nbsp;mikrobiologische Analytik<\/strong><\/strong><\/strong><\/strong><\/strong><\/strong><\/strong><\/strong><\/strong><\/strong><\/p>\n\n\n\n<div class=\"wp-block-group is-vertical is-layout-flex wp-container-core-group-is-layout-fe9cc265 wp-block-group-is-layout-flex\">\n<div class=\"wp-block-buttons has-custom-font-size has-white-background-color has-background has-link-color has-small-font-size wp-elements-49a294c19da72425a6f1b64f9d20dc90 is-layout-flex wp-block-buttons-is-layout-flex\" style=\"border-radius:10px;font-style:normal;font-weight:1000\">\n<div class=\"wp-block-button has-custom-font-size has-small-font-size\" style=\"font-style:normal;font-weight:1000\"><a class=\"wp-block-button__link has-pfi-blue-color has-white-background-color has-text-color has-background has-link-color wp-element-button\" href=\"tel:+4963312490712\" style=\"border-radius:10px\" target=\"_blank\" rel=\"noreferrer noopener\">\ud83d\udcde +49 6331 2490 712<\/a><\/div>\n<\/div>\n<\/div>\n\n\n\n<div class=\"wp-block-group is-vertical is-layout-flex wp-container-core-group-is-layout-fe9cc265 wp-block-group-is-layout-flex\">\n<div class=\"wp-block-buttons has-custom-font-size has-white-background-color has-background has-link-color has-small-font-size wp-elements-cd4de181155adb04492d4dfbf86dbc42 is-layout-flex wp-block-buttons-is-layout-flex\" style=\"border-radius:10px;font-style:normal;font-weight:1000\">\n<div class=\"wp-block-button has-custom-font-size has-small-font-size\" style=\"font-style:normal;font-weight:1000\"><a class=\"wp-block-button__link has-pfi-blue-color has-white-background-color has-text-color has-background has-link-color wp-element-button\" href=\"mailto:ines.anderie@pfi-germany.de\" style=\"border-radius:10px\" target=\"_blank\" rel=\"noreferrer noopener\">\u2709\ufe0f  E-Mail schreiben <\/a><\/div>\n<\/div>\n<\/div>\n<\/div>\n<\/div>\n<\/div>\n<\/div>\n<\/div>\n<\/div>\n<\/div>\n<\/div>\n<\/div>\n<\/div>\n\n\n\n<div class=\"wp-block-group is-layout-flow wp-block-group-is-layout-flow\" style=\"padding-right:0;padding-left:0\">\n<div class=\"wp-block-group alignfull is-content-justification-center is-nowrap is-layout-flex wp-container-core-group-is-layout-023ea1b8 wp-block-group-is-layout-flex\" style=\"margin-top:0;margin-bottom:0;padding-top:var(--wp--preset--spacing--20);padding-bottom:var(--wp--preset--spacing--20)\">\n<div class=\"gradient-separator-up\"><\/div>\n<\/div>\n\n\n\n<p class=\"has-text-align-center wp-container-content-0733e5d0\"><strong>Jetzt zum Newsletter anmelden und immer informiert bleiben!<\/strong><\/p>\n\n\n\n<p class=\"has-text-align-center wp-container-content-0733e5d0\">Hat Ihnen unser Blogartikel gefallen? Dann melden Sie sich am besten gleich f\u00fcr unseren Newsletter an! Dieser erscheint quartalsweise und versorgt Sie mit spannenden Einblicken rund um das PFI. Aktuelle Themen rund um Forschung, Entwicklung und Pr\u00fcfung &#8211; bleiben Sie informiert und immer auf dem neuesten Stand!&nbsp;<\/p>\n\n\n\n<div class=\"wp-block-buttons is-content-justification-center is-layout-flex wp-container-core-buttons-is-layout-10860990 wp-block-buttons-is-layout-flex\" style=\"padding-top:var(--wp--preset--spacing--10);padding-bottom:var(--wp--preset--spacing--10)\">\n<div class=\"wp-block-button has-custom-font-size\" style=\"font-size:clamp(0.875rem, 0.875rem + ((1vw - 0.2rem) * 0.708), 1.3rem);\"><a class=\"wp-block-button__link has-white-color has-pfi-blue-background-color has-text-color has-background has-link-color wp-element-button\" href=\"https:\/\/pfi-germany.de\/newsletteranmeldung\/\" style=\"padding-right:var(--wp--preset--spacing--30);padding-left:var(--wp--preset--spacing--30)\">Newsletteranmeldung<\/a><\/div>\n<\/div>\n<\/div>\n","protected":false},"excerpt":{"rendered":"<p>Was die Regelungen rund um PFAS f\u00fcr Schuhhersteller bedeuten, welche Ausnahmen gelten und wie Pr\u00fcfungen sicher gelingen \u2013 erkl\u00e4rt durch Dr. Ines Anderie<\/p>\n","protected":false},"author":4,"featured_media":6525,"comment_status":"closed","ping_status":"closed","sticky":false,"template":"blog-allgm","format":"standard","meta":{"footnotes":""},"categories":[55],"tags":[54,49],"class_list":["post-6523","post","type-post","status-publish","format-standard","has-post-thumbnail","hentry","category-pfi-blog","tag-nachhaltigkeit","tag-pruefung"],"yoast_head":"<!-- This site is optimized with the Yoast SEO plugin v27.3 - https:\/\/yoast.com\/product\/yoast-seo-wordpress\/ -->\n<title>Regelungen rund um PFAS in Schuhen einfach erkl\u00e4rt<\/title>\n<meta name=\"description\" content=\"Was die Regelungen rund um PFAS f\u00fcr Schuhhersteller bedeuten, welche Ausnahmen gelten und wie Pr\u00fcfungen sicher gelingen.\" \/>\n<meta name=\"robots\" content=\"index, follow, max-snippet:-1, max-image-preview:large, max-video-preview:-1\" \/>\n<link rel=\"canonical\" href=\"https:\/\/pfi-germany.de\/de\/regelungen-rund-um-pfas-in-schuhen-was-hersteller-jetzt-wissen-muessen\/\" \/>\n<meta property=\"og:locale\" content=\"de_DE\" \/>\n<meta property=\"og:type\" content=\"article\" \/>\n<meta property=\"og:title\" content=\"Regelungen rund um PFAS in Schuhen einfach erkl\u00e4rt\" \/>\n<meta property=\"og:description\" content=\"Was die Regelungen rund um PFAS f\u00fcr Schuhhersteller bedeuten, welche Ausnahmen gelten und wie Pr\u00fcfungen sicher gelingen.\" \/>\n<meta property=\"og:url\" content=\"https:\/\/pfi-germany.de\/de\/regelungen-rund-um-pfas-in-schuhen-was-hersteller-jetzt-wissen-muessen\/\" \/>\n<meta property=\"og:site_name\" content=\"Pr\u00fcf- und Forschungsinstitut Pirmasens e.V.\" \/>\n<meta property=\"article:publisher\" content=\"https:\/\/www.facebook.com\/people\/Pruef-und-Forschungsinstitut-Pirmasens-e-V\/100057088164342\/\" \/>\n<meta property=\"article:published_time\" content=\"2025-07-01T12:38:35+00:00\" \/>\n<meta property=\"article:modified_time\" content=\"2025-08-08T08:38:20+00:00\" \/>\n<meta property=\"og:image\" content=\"https:\/\/pfi-germany.de\/wp-content\/uploads\/2025\/07\/PFAS.png\" \/>\n\t<meta property=\"og:image:width\" content=\"1500\" \/>\n\t<meta property=\"og:image:height\" content=\"1000\" \/>\n\t<meta property=\"og:image:type\" content=\"image\/png\" \/>\n<meta name=\"author\" content=\"SSchaefer\" \/>\n<meta name=\"twitter:card\" content=\"summary_large_image\" \/>\n<meta name=\"twitter:label1\" content=\"Verfasst von\" \/>\n\t<meta name=\"twitter:data1\" content=\"SSchaefer\" \/>\n\t<meta name=\"twitter:label2\" content=\"Gesch\u00e4tzte Lesezeit\" \/>\n\t<meta name=\"twitter:data2\" content=\"6\u00a0Minuten\" \/>\n<script type=\"application\/ld+json\" class=\"yoast-schema-graph\">{\"@context\":\"https:\\\/\\\/schema.org\",\"@graph\":[{\"@type\":\"Article\",\"@id\":\"https:\\\/\\\/pfi-germany.de\\\/en\\\/regelungen-rund-um-pfas-in-schuhen-was-hersteller-jetzt-wissen-muessen\\\/#article\",\"isPartOf\":{\"@id\":\"https:\\\/\\\/pfi-germany.de\\\/en\\\/regelungen-rund-um-pfas-in-schuhen-was-hersteller-jetzt-wissen-muessen\\\/\"},\"author\":{\"name\":\"SSchaefer\",\"@id\":\"https:\\\/\\\/pfi-germany.de\\\/de\\\/#\\\/schema\\\/person\\\/3fdc587dbd4a7441ddae9c5c0a3623f2\"},\"headline\":\"Regelungen rund um PFAS in Schuhen: Was Hersteller jetzt wissen m\u00fcssen\",\"datePublished\":\"2025-07-01T12:38:35+00:00\",\"dateModified\":\"2025-08-08T08:38:20+00:00\",\"mainEntityOfPage\":{\"@id\":\"https:\\\/\\\/pfi-germany.de\\\/en\\\/regelungen-rund-um-pfas-in-schuhen-was-hersteller-jetzt-wissen-muessen\\\/\"},\"wordCount\":597,\"publisher\":{\"@id\":\"https:\\\/\\\/pfi-germany.de\\\/de\\\/#organization\"},\"image\":{\"@id\":\"https:\\\/\\\/pfi-germany.de\\\/en\\\/regelungen-rund-um-pfas-in-schuhen-was-hersteller-jetzt-wissen-muessen\\\/#primaryimage\"},\"thumbnailUrl\":\"https:\\\/\\\/pfi-germany.de\\\/wp-content\\\/uploads\\\/2025\\\/07\\\/PFAS.png\",\"keywords\":[\"#nachhaltigkeit\",\"#pr\u00fcfung\"],\"articleSection\":[\"Fachwissen &amp; Insights\"],\"inLanguage\":\"de\"},{\"@type\":\"WebPage\",\"@id\":\"https:\\\/\\\/pfi-germany.de\\\/en\\\/regelungen-rund-um-pfas-in-schuhen-was-hersteller-jetzt-wissen-muessen\\\/\",\"url\":\"https:\\\/\\\/pfi-germany.de\\\/en\\\/regelungen-rund-um-pfas-in-schuhen-was-hersteller-jetzt-wissen-muessen\\\/\",\"name\":\"Regelungen rund um PFAS in Schuhen einfach erkl\u00e4rt\",\"isPartOf\":{\"@id\":\"https:\\\/\\\/pfi-germany.de\\\/de\\\/#website\"},\"primaryImageOfPage\":{\"@id\":\"https:\\\/\\\/pfi-germany.de\\\/en\\\/regelungen-rund-um-pfas-in-schuhen-was-hersteller-jetzt-wissen-muessen\\\/#primaryimage\"},\"image\":{\"@id\":\"https:\\\/\\\/pfi-germany.de\\\/en\\\/regelungen-rund-um-pfas-in-schuhen-was-hersteller-jetzt-wissen-muessen\\\/#primaryimage\"},\"thumbnailUrl\":\"https:\\\/\\\/pfi-germany.de\\\/wp-content\\\/uploads\\\/2025\\\/07\\\/PFAS.png\",\"datePublished\":\"2025-07-01T12:38:35+00:00\",\"dateModified\":\"2025-08-08T08:38:20+00:00\",\"description\":\"Was die Regelungen rund um PFAS f\u00fcr Schuhhersteller bedeuten, welche Ausnahmen gelten und wie Pr\u00fcfungen sicher gelingen.\",\"breadcrumb\":{\"@id\":\"https:\\\/\\\/pfi-germany.de\\\/en\\\/regelungen-rund-um-pfas-in-schuhen-was-hersteller-jetzt-wissen-muessen\\\/#breadcrumb\"},\"inLanguage\":\"de\",\"potentialAction\":[{\"@type\":\"ReadAction\",\"target\":[\"https:\\\/\\\/pfi-germany.de\\\/en\\\/regelungen-rund-um-pfas-in-schuhen-was-hersteller-jetzt-wissen-muessen\\\/\"]}]},{\"@type\":\"ImageObject\",\"inLanguage\":\"de\",\"@id\":\"https:\\\/\\\/pfi-germany.de\\\/en\\\/regelungen-rund-um-pfas-in-schuhen-was-hersteller-jetzt-wissen-muessen\\\/#primaryimage\",\"url\":\"https:\\\/\\\/pfi-germany.de\\\/wp-content\\\/uploads\\\/2025\\\/07\\\/PFAS.png\",\"contentUrl\":\"https:\\\/\\\/pfi-germany.de\\\/wp-content\\\/uploads\\\/2025\\\/07\\\/PFAS.png\",\"width\":1500,\"height\":1000},{\"@type\":\"BreadcrumbList\",\"@id\":\"https:\\\/\\\/pfi-germany.de\\\/en\\\/regelungen-rund-um-pfas-in-schuhen-was-hersteller-jetzt-wissen-muessen\\\/#breadcrumb\",\"itemListElement\":[{\"@type\":\"ListItem\",\"position\":1,\"name\":\"Home\",\"item\":\"https:\\\/\\\/pfi-germany.de\\\/\"},{\"@type\":\"ListItem\",\"position\":2,\"name\":\"Regelungen rund um PFAS in Schuhen: Was Hersteller jetzt wissen m\u00fcssen\"}]},{\"@type\":\"WebSite\",\"@id\":\"https:\\\/\\\/pfi-germany.de\\\/de\\\/#website\",\"url\":\"https:\\\/\\\/pfi-germany.de\\\/de\\\/\",\"name\":\"PFI 2024\",\"description\":\"\",\"publisher\":{\"@id\":\"https:\\\/\\\/pfi-germany.de\\\/de\\\/#organization\"},\"potentialAction\":[{\"@type\":\"SearchAction\",\"target\":{\"@type\":\"EntryPoint\",\"urlTemplate\":\"https:\\\/\\\/pfi-germany.de\\\/de\\\/?s={search_term_string}\"},\"query-input\":{\"@type\":\"PropertyValueSpecification\",\"valueRequired\":true,\"valueName\":\"search_term_string\"}}],\"inLanguage\":\"de\"},{\"@type\":\"Organization\",\"@id\":\"https:\\\/\\\/pfi-germany.de\\\/de\\\/#organization\",\"name\":\"PFI 2024\",\"url\":\"https:\\\/\\\/pfi-germany.de\\\/de\\\/\",\"logo\":{\"@type\":\"ImageObject\",\"inLanguage\":\"de\",\"@id\":\"https:\\\/\\\/pfi-germany.de\\\/de\\\/#\\\/schema\\\/logo\\\/image\\\/\",\"url\":\"https:\\\/\\\/pfi-germany.de\\\/wp-content\\\/uploads\\\/2024\\\/09\\\/logo.jpg\",\"contentUrl\":\"https:\\\/\\\/pfi-germany.de\\\/wp-content\\\/uploads\\\/2024\\\/09\\\/logo.jpg\",\"width\":329,\"height\":120,\"caption\":\"PFI 2024\"},\"image\":{\"@id\":\"https:\\\/\\\/pfi-germany.de\\\/de\\\/#\\\/schema\\\/logo\\\/image\\\/\"},\"sameAs\":[\"https:\\\/\\\/www.facebook.com\\\/people\\\/Pruef-und-Forschungsinstitut-Pirmasens-e-V\\\/100057088164342\\\/\",\"https:\\\/\\\/www.instagram.com\\\/pfi_germany\\\/\",\"https:\\\/\\\/www.youtube.com\\\/channel\\\/UCITCYhey0fqJRRjiH7Gw3sg\",\"https:\\\/\\\/de.linkedin.com\\\/company\\\/pfi-germany\"]},{\"@type\":\"Person\",\"@id\":\"https:\\\/\\\/pfi-germany.de\\\/de\\\/#\\\/schema\\\/person\\\/3fdc587dbd4a7441ddae9c5c0a3623f2\",\"name\":\"SSchaefer\",\"image\":{\"@type\":\"ImageObject\",\"inLanguage\":\"de\",\"@id\":\"https:\\\/\\\/secure.gravatar.com\\\/avatar\\\/4cdc792ce8845448b375e79a6ab7c785431420281219e84046192c8133223580?s=96&d=mm&r=g\",\"url\":\"https:\\\/\\\/secure.gravatar.com\\\/avatar\\\/4cdc792ce8845448b375e79a6ab7c785431420281219e84046192c8133223580?s=96&d=mm&r=g\",\"contentUrl\":\"https:\\\/\\\/secure.gravatar.com\\\/avatar\\\/4cdc792ce8845448b375e79a6ab7c785431420281219e84046192c8133223580?s=96&d=mm&r=g\",\"caption\":\"SSchaefer\"},\"url\":\"https:\\\/\\\/pfi-germany.de\\\/de\\\/author\\\/sschaefer\\\/\"}]}<\/script>\n<!-- \/ Yoast SEO plugin. -->","yoast_head_json":{"title":"Regelungen rund um PFAS in Schuhen einfach erkl\u00e4rt","description":"Was die Regelungen rund um PFAS f\u00fcr Schuhhersteller bedeuten, welche Ausnahmen gelten und wie Pr\u00fcfungen sicher gelingen.","robots":{"index":"index","follow":"follow","max-snippet":"max-snippet:-1","max-image-preview":"max-image-preview:large","max-video-preview":"max-video-preview:-1"},"canonical":"https:\/\/pfi-germany.de\/de\/regelungen-rund-um-pfas-in-schuhen-was-hersteller-jetzt-wissen-muessen\/","og_locale":"de_DE","og_type":"article","og_title":"Regelungen rund um PFAS in Schuhen einfach erkl\u00e4rt","og_description":"Was die Regelungen rund um PFAS f\u00fcr Schuhhersteller bedeuten, welche Ausnahmen gelten und wie Pr\u00fcfungen sicher gelingen.","og_url":"https:\/\/pfi-germany.de\/de\/regelungen-rund-um-pfas-in-schuhen-was-hersteller-jetzt-wissen-muessen\/","og_site_name":"Pr\u00fcf- und Forschungsinstitut Pirmasens e.V.","article_publisher":"https:\/\/www.facebook.com\/people\/Pruef-und-Forschungsinstitut-Pirmasens-e-V\/100057088164342\/","article_published_time":"2025-07-01T12:38:35+00:00","article_modified_time":"2025-08-08T08:38:20+00:00","og_image":[{"width":1500,"height":1000,"url":"https:\/\/pfi-germany.de\/wp-content\/uploads\/2025\/07\/PFAS.png","type":"image\/png"}],"author":"SSchaefer","twitter_card":"summary_large_image","twitter_misc":{"Verfasst von":"SSchaefer","Gesch\u00e4tzte Lesezeit":"6\u00a0Minuten"},"schema":{"@context":"https:\/\/schema.org","@graph":[{"@type":"Article","@id":"https:\/\/pfi-germany.de\/en\/regelungen-rund-um-pfas-in-schuhen-was-hersteller-jetzt-wissen-muessen\/#article","isPartOf":{"@id":"https:\/\/pfi-germany.de\/en\/regelungen-rund-um-pfas-in-schuhen-was-hersteller-jetzt-wissen-muessen\/"},"author":{"name":"SSchaefer","@id":"https:\/\/pfi-germany.de\/de\/#\/schema\/person\/3fdc587dbd4a7441ddae9c5c0a3623f2"},"headline":"Regelungen rund um PFAS in Schuhen: Was Hersteller jetzt wissen m\u00fcssen","datePublished":"2025-07-01T12:38:35+00:00","dateModified":"2025-08-08T08:38:20+00:00","mainEntityOfPage":{"@id":"https:\/\/pfi-germany.de\/en\/regelungen-rund-um-pfas-in-schuhen-was-hersteller-jetzt-wissen-muessen\/"},"wordCount":597,"publisher":{"@id":"https:\/\/pfi-germany.de\/de\/#organization"},"image":{"@id":"https:\/\/pfi-germany.de\/en\/regelungen-rund-um-pfas-in-schuhen-was-hersteller-jetzt-wissen-muessen\/#primaryimage"},"thumbnailUrl":"https:\/\/pfi-germany.de\/wp-content\/uploads\/2025\/07\/PFAS.png","keywords":["#nachhaltigkeit","#pr\u00fcfung"],"articleSection":["Fachwissen &amp; Insights"],"inLanguage":"de"},{"@type":"WebPage","@id":"https:\/\/pfi-germany.de\/en\/regelungen-rund-um-pfas-in-schuhen-was-hersteller-jetzt-wissen-muessen\/","url":"https:\/\/pfi-germany.de\/en\/regelungen-rund-um-pfas-in-schuhen-was-hersteller-jetzt-wissen-muessen\/","name":"Regelungen rund um PFAS in Schuhen einfach erkl\u00e4rt","isPartOf":{"@id":"https:\/\/pfi-germany.de\/de\/#website"},"primaryImageOfPage":{"@id":"https:\/\/pfi-germany.de\/en\/regelungen-rund-um-pfas-in-schuhen-was-hersteller-jetzt-wissen-muessen\/#primaryimage"},"image":{"@id":"https:\/\/pfi-germany.de\/en\/regelungen-rund-um-pfas-in-schuhen-was-hersteller-jetzt-wissen-muessen\/#primaryimage"},"thumbnailUrl":"https:\/\/pfi-germany.de\/wp-content\/uploads\/2025\/07\/PFAS.png","datePublished":"2025-07-01T12:38:35+00:00","dateModified":"2025-08-08T08:38:20+00:00","description":"Was die Regelungen rund um PFAS f\u00fcr Schuhhersteller bedeuten, welche Ausnahmen gelten und wie Pr\u00fcfungen sicher gelingen.","breadcrumb":{"@id":"https:\/\/pfi-germany.de\/en\/regelungen-rund-um-pfas-in-schuhen-was-hersteller-jetzt-wissen-muessen\/#breadcrumb"},"inLanguage":"de","potentialAction":[{"@type":"ReadAction","target":["https:\/\/pfi-germany.de\/en\/regelungen-rund-um-pfas-in-schuhen-was-hersteller-jetzt-wissen-muessen\/"]}]},{"@type":"ImageObject","inLanguage":"de","@id":"https:\/\/pfi-germany.de\/en\/regelungen-rund-um-pfas-in-schuhen-was-hersteller-jetzt-wissen-muessen\/#primaryimage","url":"https:\/\/pfi-germany.de\/wp-content\/uploads\/2025\/07\/PFAS.png","contentUrl":"https:\/\/pfi-germany.de\/wp-content\/uploads\/2025\/07\/PFAS.png","width":1500,"height":1000},{"@type":"BreadcrumbList","@id":"https:\/\/pfi-germany.de\/en\/regelungen-rund-um-pfas-in-schuhen-was-hersteller-jetzt-wissen-muessen\/#breadcrumb","itemListElement":[{"@type":"ListItem","position":1,"name":"Home","item":"https:\/\/pfi-germany.de\/"},{"@type":"ListItem","position":2,"name":"Regelungen rund um PFAS in Schuhen: Was Hersteller jetzt wissen m\u00fcssen"}]},{"@type":"WebSite","@id":"https:\/\/pfi-germany.de\/de\/#website","url":"https:\/\/pfi-germany.de\/de\/","name":"PFI 2024","description":"","publisher":{"@id":"https:\/\/pfi-germany.de\/de\/#organization"},"potentialAction":[{"@type":"SearchAction","target":{"@type":"EntryPoint","urlTemplate":"https:\/\/pfi-germany.de\/de\/?s={search_term_string}"},"query-input":{"@type":"PropertyValueSpecification","valueRequired":true,"valueName":"search_term_string"}}],"inLanguage":"de"},{"@type":"Organization","@id":"https:\/\/pfi-germany.de\/de\/#organization","name":"PFI 2024","url":"https:\/\/pfi-germany.de\/de\/","logo":{"@type":"ImageObject","inLanguage":"de","@id":"https:\/\/pfi-germany.de\/de\/#\/schema\/logo\/image\/","url":"https:\/\/pfi-germany.de\/wp-content\/uploads\/2024\/09\/logo.jpg","contentUrl":"https:\/\/pfi-germany.de\/wp-content\/uploads\/2024\/09\/logo.jpg","width":329,"height":120,"caption":"PFI 2024"},"image":{"@id":"https:\/\/pfi-germany.de\/de\/#\/schema\/logo\/image\/"},"sameAs":["https:\/\/www.facebook.com\/people\/Pruef-und-Forschungsinstitut-Pirmasens-e-V\/100057088164342\/","https:\/\/www.instagram.com\/pfi_germany\/","https:\/\/www.youtube.com\/channel\/UCITCYhey0fqJRRjiH7Gw3sg","https:\/\/de.linkedin.com\/company\/pfi-germany"]},{"@type":"Person","@id":"https:\/\/pfi-germany.de\/de\/#\/schema\/person\/3fdc587dbd4a7441ddae9c5c0a3623f2","name":"SSchaefer","image":{"@type":"ImageObject","inLanguage":"de","@id":"https:\/\/secure.gravatar.com\/avatar\/4cdc792ce8845448b375e79a6ab7c785431420281219e84046192c8133223580?s=96&d=mm&r=g","url":"https:\/\/secure.gravatar.com\/avatar\/4cdc792ce8845448b375e79a6ab7c785431420281219e84046192c8133223580?s=96&d=mm&r=g","contentUrl":"https:\/\/secure.gravatar.com\/avatar\/4cdc792ce8845448b375e79a6ab7c785431420281219e84046192c8133223580?s=96&d=mm&r=g","caption":"SSchaefer"},"url":"https:\/\/pfi-germany.de\/de\/author\/sschaefer\/"}]}},"_links":{"self":[{"href":"https:\/\/pfi-germany.de\/de\/wp-json\/wp\/v2\/posts\/6523","targetHints":{"allow":["GET"]}}],"collection":[{"href":"https:\/\/pfi-germany.de\/de\/wp-json\/wp\/v2\/posts"}],"about":[{"href":"https:\/\/pfi-germany.de\/de\/wp-json\/wp\/v2\/types\/post"}],"author":[{"embeddable":true,"href":"https:\/\/pfi-germany.de\/de\/wp-json\/wp\/v2\/users\/4"}],"replies":[{"embeddable":true,"href":"https:\/\/pfi-germany.de\/de\/wp-json\/wp\/v2\/comments?post=6523"}],"version-history":[{"count":5,"href":"https:\/\/pfi-germany.de\/de\/wp-json\/wp\/v2\/posts\/6523\/revisions"}],"predecessor-version":[{"id":6616,"href":"https:\/\/pfi-germany.de\/de\/wp-json\/wp\/v2\/posts\/6523\/revisions\/6616"}],"wp:featuredmedia":[{"embeddable":true,"href":"https:\/\/pfi-germany.de\/de\/wp-json\/wp\/v2\/media\/6525"}],"wp:attachment":[{"href":"https:\/\/pfi-germany.de\/de\/wp-json\/wp\/v2\/media?parent=6523"}],"wp:term":[{"taxonomy":"category","embeddable":true,"href":"https:\/\/pfi-germany.de\/de\/wp-json\/wp\/v2\/categories?post=6523"},{"taxonomy":"post_tag","embeddable":true,"href":"https:\/\/pfi-germany.de\/de\/wp-json\/wp\/v2\/tags?post=6523"}],"curies":[{"name":"wp","href":"https:\/\/api.w.org\/{rel}","templated":true}]}}