{"id":21303,"date":"2026-07-01T11:45:25","date_gmt":"2026-07-01T11:45:25","guid":{"rendered":"https:\/\/pfi-germany.de\/?p=21303"},"modified":"2026-07-01T13:43:37","modified_gmt":"2026-07-01T13:43:37","slug":"schutz-vor-irrefuehrenden-werbeaussagen-pfi-pruefzeichen-sind-empco-konform","status":"publish","type":"post","link":"https:\/\/pfi-germany.de\/de\/schutz-vor-irrefuehrenden-werbeaussagen-pfi-pruefzeichen-sind-empco-konform\/","title":{"rendered":"Schutz vor irref\u00fchrenden Werbeaussagen &#8211; PFI Pr\u00fcfzeichen sind EMPCO konform"},"content":{"rendered":"\n<div class=\"wp-block-group has-global-padding is-layout-constrained wp-block-group-is-layout-constrained\">\n<div class=\"wp-block-columns alignwide is-layout-flex wp-container-core-columns-is-layout-3a88641f wp-block-columns-is-layout-flex\">\n<div class=\"wp-block-column is-layout-flow wp-block-column-is-layout-flow\" style=\"flex-basis:100%\">\n<div class=\"wp-block-group is-vertical is-layout-flex wp-container-core-group-is-layout-831b2db5 wp-block-group-is-layout-flex\">\n<p class=\"wp-block-paragraph\">Ab dem 27. September 2026 tritt die <strong>EmpCo-Richtlinie (EU)<\/strong> 2024\/825 in Kraft. Die Richtlinie<strong> \u201cEmpowering Consumers for the Green Transition\u201d<\/strong>, kurz EmpCo will Verbraucherinnen und Verbraucher vor irref\u00fchrenden Werbeaussagen sch\u00fctzen. Bei Begriffen wie \u201eklimaneutral\u201c, \u201eenergieeffizient\u201c oder \u201eumweltschonend\u201c ist nicht immer erkennbar, welche Umweltleistung hinter einem Produkt oder einer Dienstleistung steckt.<\/p>\n\n\n\n<h2 class=\"wp-block-heading has-white-color has-custom-pfi-farbverlauf-gradient-background has-text-color has-background\" style=\"border-radius:10px;padding-top:0.5rem;padding-right:var(--wp--preset--spacing--20);padding-bottom:0.5rem;padding-left:var(--wp--preset--spacing--20);font-size:clamp(0.875rem, 0.875rem + ((1vw - 0.2rem) * 0.375), 1.1rem);\"><strong><strong><strong><strong>Die EmpCo-Richtlinie verbietet u.a.:<\/strong><\/strong><\/strong><\/strong><\/h2>\n\n\n\n<ul class=\"wp-block-list\">\n<li>Allgemeine Umweltaussagen ohne entsprechenden Nachweis (z. B. \u201eumweltfreundlich\u201c, \u201eenergieeffizient\u201c, \u201ebiologisch abbaubar\u201c)<\/li>\n\n\n\n<li>Nachhaltigkeitssiegel, die nicht auf einem Zertifizierungssystem basieren oder nicht von \u00f6ffentlichen Stellen ausgegeben werden<\/li>\n\n\n\n<li>Aussagen zur Umweltwirkung des gesamten Produkts\/ Unternehmens, obwohl diese nur f\u00fcr einzelne Komponenten zutreffen<\/li>\n\n\n\n<li>Aussagen zu neutralem, reduziertem oder positivem Treibhausgasaussto\u00df, die ausschlie\u00dflich auf Kompensationsma\u00dfnahmen beruhen (z. B. \u201eklimaneutral\u201c, \u201eklimaschonend\u201c, \u201eCO2-neutral\u201c)<\/li>\n<\/ul>\n\n\n\n<p class=\"wp-block-paragraph\">Die EmpCo\u2011Richtlinie betrifft alle Unternehmen, die <strong>in der EU Produkte oder Dienstleistungen verkaufen oder bewerben<\/strong>. Umweltbezogene Aussagen m\u00fcssen k\u00fcnftig <strong>transparent, nachvollziehbar und belegt sein<\/strong>. Wer diesen Anforderungen nicht nachkommt, riskiert Abmahnungen und Bu\u00dfgelder.<\/p>\n\n\n\n<p class=\"wp-block-paragraph\">Unternehmen sollten fr\u00fchzeitig ihre Umweltaussagen \u00fcberpr\u00fcfen und Nachweise dokumentieren, sowie ihre Nachhaltigkeitssiegel \u00fcberpr\u00fcfen. Die <strong>PFI Pr\u00fcfzeichen sind alle EMPCO konform<\/strong> und k\u00f6nnen Sie dabei unterst\u00fctzen. Unsere Nachhaltigkeitssiegel unterliegen Mindestanforderungen hinsichtlich Transparenz und Glaubw\u00fcrdigkeit, einschlie\u00dflich einer objektiven \u00dcberwachung der Einhaltung der Anforderungen des Systems.<\/p>\n\n\n\n<hr class=\"wp-block-separator has-alpha-channel-opacity\"\/>\n\n\n\n<h2 class=\"wp-block-heading has-white-color has-custom-pfi-farbverlauf-gradient-background has-text-color has-background\" style=\"border-radius:10px;padding-top:0.5rem;padding-right:var(--wp--preset--spacing--20);padding-bottom:0.5rem;padding-left:var(--wp--preset--spacing--20);font-size:clamp(0.875rem, 0.875rem + ((1vw - 0.2rem) * 0.375), 1.1rem);\"><strong><strong><strong><strong><strong>PFI\u2011Zertifizierungen erf\u00fcllen die EmpCo\u2011Vorgaben<\/strong><\/strong><\/strong><\/strong><\/strong><\/h2>\n\n\n\n<p class=\"wp-block-paragraph\">Die Nachhaltigkeits\u2011 und Pr\u00fcfsiegel des <strong>PFI <\/strong>entsprechen den Anforderungen der EmpCo\u2011Richtlinie vollst\u00e4ndig.<br>Alle Zertifizierungen erfolgen \u00fcber einen <strong>Systeminhaber<\/strong>, dessen <strong>Kompetenz, Unabh\u00e4ngigkeit und Neutralit\u00e4t<\/strong> auf Basis:<\/p>\n\n\n\n<ul class=\"wp-block-list\">\n<li>internationaler<\/li>\n\n\n\n<li>europ\u00e4ischer<\/li>\n\n\n\n<li>oder nationaler Normen und Verfahren<\/li>\n<\/ul>\n\n\n\n<p class=\"wp-block-paragraph\">nachweislich sichergestellt ist.<\/p>\n\n\n\n<hr class=\"wp-block-separator has-alpha-channel-opacity\"\/>\n\n\n\n<h2 class=\"wp-block-heading has-white-color has-custom-pfi-farbverlauf-gradient-background has-text-color has-background\" style=\"border-radius:10px;padding-top:0.5rem;padding-right:var(--wp--preset--spacing--20);padding-bottom:0.5rem;padding-left:var(--wp--preset--spacing--20);font-size:clamp(0.875rem, 0.875rem + ((1vw - 0.2rem) * 0.375), 1.1rem);\"><strong><strong><strong><strong><strong><strong>PFI\u2011Labels<\/strong><\/strong><\/strong><\/strong><\/strong><\/strong><\/h2>\n\n\n\n<p class=\"wp-block-paragraph\">Die folgenden PFI\u2011Label dokumentieren gepr\u00fcfte und belastbare Produkteigenschaften:<\/p>\n\n\n\n<div class=\"wp-block-columns is-layout-flex wp-container-core-columns-is-layout-3a88641f wp-block-columns-is-layout-flex\">\n<div class=\"wp-block-column is-layout-flow wp-block-column-is-layout-flow\">\n<div class=\"wp-block-group is-nowrap is-layout-flex wp-container-core-group-is-layout-3a88641f wp-block-group-is-layout-flex\">\n<div class=\"wp-block-media-text is-stacked-on-mobile has-pfi-blue-background-color has-background wp-container-content-9cfa9a5a\" style=\"border-top-left-radius:20px;border-top-right-radius:20px;border-bottom-left-radius:20px;border-bottom-right-radius:20px;margin-right:var(--wp--preset--spacing--10);padding-top:var(--wp--preset--spacing--10);padding-right:0;padding-bottom:var(--wp--preset--spacing--10);padding-left:var(--wp--preset--spacing--20);grid-template-columns:15% auto\"><figure class=\"wp-block-media-text__media\"><img loading=\"lazy\" decoding=\"async\" width=\"150\" height=\"150\" src=\"https:\/\/pfi-germany.de\/wp-content\/uploads\/2025\/05\/Muster_eco-dt-150x150.png\" alt=\"\" class=\"wp-image-5396 size-thumbnail\" srcset=\"https:\/\/pfi-germany.de\/wp-content\/uploads\/2025\/05\/Muster_eco-dt-150x150.png 150w, https:\/\/pfi-germany.de\/wp-content\/uploads\/2025\/05\/Muster_eco-dt-300x300.png 300w, https:\/\/pfi-germany.de\/wp-content\/uploads\/2025\/05\/Muster_eco-dt-1024x1022.png 1024w, https:\/\/pfi-germany.de\/wp-content\/uploads\/2025\/05\/Muster_eco-dt-768x767.png 768w, https:\/\/pfi-germany.de\/wp-content\/uploads\/2025\/05\/Muster_eco-dt-50x50.png 50w, https:\/\/pfi-germany.de\/wp-content\/uploads\/2025\/05\/Muster_eco-dt-1600x1597.png 1600w, https:\/\/pfi-germany.de\/wp-content\/uploads\/2025\/05\/Muster_eco-dt-1536x1533.png 1536w, https:\/\/pfi-germany.de\/wp-content\/uploads\/2025\/05\/Muster_eco-dt-2048x2044.png 2048w, https:\/\/pfi-germany.de\/wp-content\/uploads\/2025\/05\/Muster_eco-dt-12x12.png 12w\" sizes=\"auto, (max-width: 150px) 100vw, 150px\" \/><\/figure><div class=\"wp-block-media-text__content\">\n<p class=\"has-white-color has-text-color has-link-color has-medium-font-size wp-elements-1 wp-block-paragraph\"><strong>PFI ECO Label f\u00fcr die Produktionsst\u00e4tte<\/strong> <\/p>\n\n\n\n<p class=\"has-white-color has-text-color has-link-color has-medium-font-size wp-elements-2 wp-block-paragraph\">PFI gepr\u00fcft und zertifiziert &#8211; EMPCO konform<\/p>\n<\/div><\/div>\n<\/div>\n\n\n\n<div class=\"wp-block-group is-nowrap is-layout-flex wp-container-core-group-is-layout-3a88641f wp-block-group-is-layout-flex\">\n<div class=\"wp-block-media-text is-stacked-on-mobile has-pfi-blue-background-color has-background wp-container-content-9cfa9a5a\" style=\"border-top-left-radius:20px;border-top-right-radius:20px;border-bottom-left-radius:20px;border-bottom-right-radius:20px;margin-right:var(--wp--preset--spacing--10);padding-top:var(--wp--preset--spacing--10);padding-right:0;padding-bottom:var(--wp--preset--spacing--10);padding-left:var(--wp--preset--spacing--20);grid-template-columns:15% auto\"><figure class=\"wp-block-media-text__media\"><img loading=\"lazy\" decoding=\"async\" width=\"150\" height=\"150\" src=\"https:\/\/pfi-germany.de\/wp-content\/uploads\/2026\/07\/20260427_Barfusschuh-Label-Muster-150x150.png\" alt=\"\" class=\"wp-image-21304 size-thumbnail\" srcset=\"https:\/\/pfi-germany.de\/wp-content\/uploads\/2026\/07\/20260427_Barfusschuh-Label-Muster-150x150.png 150w, https:\/\/pfi-germany.de\/wp-content\/uploads\/2026\/07\/20260427_Barfusschuh-Label-Muster-300x300.png 300w, https:\/\/pfi-germany.de\/wp-content\/uploads\/2026\/07\/20260427_Barfusschuh-Label-Muster-1024x1020.png 1024w, https:\/\/pfi-germany.de\/wp-content\/uploads\/2026\/07\/20260427_Barfusschuh-Label-Muster-768x765.png 768w, https:\/\/pfi-germany.de\/wp-content\/uploads\/2026\/07\/20260427_Barfusschuh-Label-Muster-50x50.png 50w, https:\/\/pfi-germany.de\/wp-content\/uploads\/2026\/07\/20260427_Barfusschuh-Label-Muster-1600x1593.png 1600w, https:\/\/pfi-germany.de\/wp-content\/uploads\/2026\/07\/20260427_Barfusschuh-Label-Muster-1536x1529.png 1536w, https:\/\/pfi-germany.de\/wp-content\/uploads\/2026\/07\/20260427_Barfusschuh-Label-Muster-2048x2039.png 2048w, https:\/\/pfi-germany.de\/wp-content\/uploads\/2026\/07\/20260427_Barfusschuh-Label-Muster-12x12.png 12w\" sizes=\"auto, (max-width: 150px) 100vw, 150px\" \/><\/figure><div class=\"wp-block-media-text__content\">\n<p class=\"has-white-color has-text-color has-link-color has-medium-font-size wp-elements-3 wp-block-paragraph\"><strong>PFI Pr\u00fcfzeichen &#8222;Barfu\u00dfschuh &#8211; Qualit\u00e4t gepr\u00fcft&#8220;<\/strong><\/p>\n\n\n\n<p class=\"has-white-color has-text-color has-link-color has-medium-font-size wp-elements-4 wp-block-paragraph\">PFI gepr\u00fcft und zertifiziert &#8211; EMPCO konform<\/p>\n<\/div><\/div>\n<\/div>\n\n\n\n<div class=\"wp-block-group is-nowrap is-layout-flex wp-container-core-group-is-layout-3a88641f wp-block-group-is-layout-flex\">\n<div class=\"wp-block-media-text is-stacked-on-mobile has-pfi-blue-background-color has-background wp-container-content-9cfa9a5a\" style=\"border-top-left-radius:20px;border-top-right-radius:20px;border-bottom-left-radius:20px;border-bottom-right-radius:20px;margin-right:var(--wp--preset--spacing--10);padding-top:var(--wp--preset--spacing--10);padding-right:0;padding-bottom:var(--wp--preset--spacing--10);padding-left:var(--wp--preset--spacing--20);grid-template-columns:15% auto\"><figure class=\"wp-block-media-text__media\"><img loading=\"lazy\" decoding=\"async\" width=\"150\" height=\"150\" src=\"https:\/\/pfi-germany.de\/wp-content\/uploads\/2026\/01\/Muster_Schadstoff-gepruft--e1769687962908-150x150.png\" alt=\"\" class=\"wp-image-18458 size-thumbnail\" srcset=\"https:\/\/pfi-germany.de\/wp-content\/uploads\/2026\/01\/Muster_Schadstoff-gepruft--e1769687962908-150x150.png 150w, https:\/\/pfi-germany.de\/wp-content\/uploads\/2026\/01\/Muster_Schadstoff-gepruft--e1769687962908-11x12.png 11w\" sizes=\"auto, (max-width: 150px) 100vw, 150px\" \/><\/figure><div class=\"wp-block-media-text__content\">\n<div class=\"wp-block-group is-nowrap is-layout-flex wp-container-core-group-is-layout-3a88641f wp-block-group-is-layout-flex\">\n<p class=\"has-white-color has-text-color has-link-color has-medium-font-size wp-elements-5 wp-block-paragraph\"><strong>PFI Schadstoff gepr\u00fcft<\/strong><\/p>\n<\/div>\n\n\n\n<p class=\"has-white-color has-text-color has-link-color has-medium-font-size wp-elements-6 wp-block-paragraph\">PFI gepr\u00fcft und zertifiziert &#8211; EMPCO konform<\/p>\n<\/div><\/div>\n<\/div>\n\n\n\n<div class=\"wp-block-group is-nowrap is-layout-flex wp-container-core-group-is-layout-3a88641f wp-block-group-is-layout-flex\">\n<div class=\"wp-block-media-text is-stacked-on-mobile has-pfi-blue-background-color has-background wp-container-content-9cfa9a5a\" style=\"border-top-left-radius:20px;border-top-right-radius:20px;border-bottom-left-radius:20px;border-bottom-right-radius:20px;margin-right:var(--wp--preset--spacing--10);padding-top:var(--wp--preset--spacing--10);padding-right:0;padding-bottom:var(--wp--preset--spacing--10);padding-left:var(--wp--preset--spacing--20);grid-template-columns:15% auto\"><figure class=\"wp-block-media-text__media\"><img loading=\"lazy\" decoding=\"async\" width=\"683\" height=\"713\" src=\"https:\/\/pfi-germany.de\/wp-content\/uploads\/2024\/12\/Muster_Qualitat-gepruft.png\" alt=\"\" class=\"wp-image-1818 size-thumbnail\" srcset=\"https:\/\/pfi-germany.de\/wp-content\/uploads\/2024\/12\/Muster_Qualitat-gepruft.png 683w, https:\/\/pfi-germany.de\/wp-content\/uploads\/2024\/12\/Muster_Qualitat-gepruft-287x300.png 287w, https:\/\/pfi-germany.de\/wp-content\/uploads\/2024\/12\/Muster_Qualitat-gepruft-50x52.png 50w\" sizes=\"auto, (max-width: 683px) 100vw, 683px\" \/><\/figure><div class=\"wp-block-media-text__content\">\n<div class=\"wp-block-group is-nowrap is-layout-flex wp-container-core-group-is-layout-3a88641f wp-block-group-is-layout-flex\">\n<p class=\"has-white-color has-text-color has-link-color has-medium-font-size wp-elements-7 wp-block-paragraph\"><strong>PFI Qualit\u00e4t gepr\u00fcft<\/strong><\/p>\n<\/div>\n\n\n\n<p class=\"has-white-color has-text-color has-link-color has-medium-font-size wp-elements-8 wp-block-paragraph\">PFI gepr\u00fcft und zertifiziert &#8211; EMPCO konform<\/p>\n<\/div><\/div>\n<\/div>\n\n\n\n<div class=\"wp-block-group is-nowrap is-layout-flex wp-container-core-group-is-layout-3a88641f wp-block-group-is-layout-flex\">\n<div class=\"wp-block-media-text is-stacked-on-mobile has-pfi-blue-background-color has-background wp-container-content-9cfa9a5a\" style=\"border-top-left-radius:20px;border-top-right-radius:20px;border-bottom-left-radius:20px;border-bottom-right-radius:20px;margin-right:var(--wp--preset--spacing--10);padding-top:var(--wp--preset--spacing--10);padding-right:0;padding-bottom:var(--wp--preset--spacing--10);padding-left:var(--wp--preset--spacing--20);grid-template-columns:15% auto\"><figure class=\"wp-block-media-text__media\"><img loading=\"lazy\" decoding=\"async\" width=\"1024\" height=\"1024\" src=\"https:\/\/pfi-germany.de\/wp-content\/uploads\/2025\/10\/20250717_rund_Antibakteriell-Muster-1024x1024.png\" alt=\"\" class=\"wp-image-12791 size-thumbnail\" srcset=\"https:\/\/pfi-germany.de\/wp-content\/uploads\/2025\/10\/20250717_rund_Antibakteriell-Muster-1024x1024.png 1024w, https:\/\/pfi-germany.de\/wp-content\/uploads\/2025\/10\/20250717_rund_Antibakteriell-Muster-300x300.png 300w, https:\/\/pfi-germany.de\/wp-content\/uploads\/2025\/10\/20250717_rund_Antibakteriell-Muster-150x150.png 150w, https:\/\/pfi-germany.de\/wp-content\/uploads\/2025\/10\/20250717_rund_Antibakteriell-Muster-768x768.png 768w, https:\/\/pfi-germany.de\/wp-content\/uploads\/2025\/10\/20250717_rund_Antibakteriell-Muster-50x50.png 50w, https:\/\/pfi-germany.de\/wp-content\/uploads\/2025\/10\/20250717_rund_Antibakteriell-Muster-1600x1601.png 1600w, https:\/\/pfi-germany.de\/wp-content\/uploads\/2025\/10\/20250717_rund_Antibakteriell-Muster-1536x1536.png 1536w, https:\/\/pfi-germany.de\/wp-content\/uploads\/2025\/10\/20250717_rund_Antibakteriell-Muster-12x12.png 12w, https:\/\/pfi-germany.de\/wp-content\/uploads\/2025\/10\/20250717_rund_Antibakteriell-Muster.png 1667w\" sizes=\"auto, (max-width: 1024px) 100vw, 1024px\" \/><\/figure><div class=\"wp-block-media-text__content\">\n<div class=\"wp-block-group is-nowrap is-layout-flex wp-container-core-group-is-layout-3a88641f wp-block-group-is-layout-flex\">\n<p class=\"has-white-color has-text-color has-link-color has-medium-font-size wp-elements-9 wp-block-paragraph\"><strong>PFI Antimikrobiell Pr\u00fcfzeichen<\/strong><\/p>\n<\/div>\n\n\n\n<p class=\"has-white-color has-text-color has-link-color has-medium-font-size wp-elements-10 wp-block-paragraph\">PFI gepr\u00fcft und zertifiziert &#8211; EMPCO konform<\/p>\n<\/div><\/div>\n<\/div>\n\n\n\n<div class=\"wp-block-group is-nowrap is-layout-flex wp-container-core-group-is-layout-3a88641f wp-block-group-is-layout-flex\">\n<div class=\"wp-block-media-text is-stacked-on-mobile has-pfi-blue-background-color has-background wp-container-content-9cfa9a5a\" style=\"border-top-left-radius:20px;border-top-right-radius:20px;border-bottom-left-radius:20px;border-bottom-right-radius:20px;margin-right:var(--wp--preset--spacing--10);padding-top:var(--wp--preset--spacing--10);padding-right:0;padding-bottom:var(--wp--preset--spacing--10);padding-left:var(--wp--preset--spacing--20);grid-template-columns:15% auto\"><figure class=\"wp-block-media-text__media\"><img loading=\"lazy\" decoding=\"async\" width=\"500\" height=\"499\" src=\"https:\/\/pfi-germany.de\/wp-content\/uploads\/2024\/12\/Muster-PFI-Vegan-Fus-farbig.webp\" alt=\"\" class=\"wp-image-1816 size-thumbnail\" srcset=\"https:\/\/pfi-germany.de\/wp-content\/uploads\/2024\/12\/Muster-PFI-Vegan-Fus-farbig.webp 500w, https:\/\/pfi-germany.de\/wp-content\/uploads\/2024\/12\/Muster-PFI-Vegan-Fus-farbig-300x300.webp 300w, https:\/\/pfi-germany.de\/wp-content\/uploads\/2024\/12\/Muster-PFI-Vegan-Fus-farbig-150x150.webp 150w, https:\/\/pfi-germany.de\/wp-content\/uploads\/2024\/12\/Muster-PFI-Vegan-Fus-farbig-50x50.webp 50w\" sizes=\"auto, (max-width: 500px) 100vw, 500px\" \/><\/figure><div class=\"wp-block-media-text__content\">\n<div class=\"wp-block-group is-nowrap is-layout-flex wp-container-core-group-is-layout-3a88641f wp-block-group-is-layout-flex\">\n<p class=\"has-white-color has-text-color has-link-color has-medium-font-size wp-elements-11 wp-block-paragraph\"><strong>100% Vegan<\/strong><\/p>\n<\/div>\n\n\n\n<p class=\"has-white-color has-text-color has-link-color has-medium-font-size wp-elements-12 wp-block-paragraph\">PFI gepr\u00fcft und zertifiziert &#8211; EMPCO konform<\/p>\n<\/div><\/div>\n<\/div>\n\n\n\n<div class=\"wp-block-group is-nowrap is-layout-flex wp-container-core-group-is-layout-3a88641f wp-block-group-is-layout-flex\">\n<div class=\"wp-block-media-text is-stacked-on-mobile has-pfi-blue-background-color has-background wp-container-content-9cfa9a5a\" style=\"border-top-left-radius:20px;border-top-right-radius:20px;border-bottom-left-radius:20px;border-bottom-right-radius:20px;margin-right:var(--wp--preset--spacing--10);padding-top:var(--wp--preset--spacing--10);padding-right:0;padding-bottom:var(--wp--preset--spacing--10);padding-left:var(--wp--preset--spacing--20);grid-template-columns:15% auto\"><figure class=\"wp-block-media-text__media\"><img loading=\"lazy\" decoding=\"async\" width=\"681\" height=\"708\" src=\"https:\/\/pfi-germany.de\/wp-content\/uploads\/2026\/07\/2026058_RMC-Label_VS-Muster.png\" alt=\"\" class=\"wp-image-21306 size-thumbnail\" srcset=\"https:\/\/pfi-germany.de\/wp-content\/uploads\/2026\/07\/2026058_RMC-Label_VS-Muster.png 681w, https:\/\/pfi-germany.de\/wp-content\/uploads\/2026\/07\/2026058_RMC-Label_VS-Muster-289x300.png 289w, https:\/\/pfi-germany.de\/wp-content\/uploads\/2026\/07\/2026058_RMC-Label_VS-Muster-50x52.png 50w, https:\/\/pfi-germany.de\/wp-content\/uploads\/2026\/07\/2026058_RMC-Label_VS-Muster-12x12.png 12w\" sizes=\"auto, (max-width: 681px) 100vw, 681px\" \/><\/figure><div class=\"wp-block-media-text__content\">\n<div class=\"wp-block-group is-nowrap is-layout-flex wp-container-core-group-is-layout-3a88641f wp-block-group-is-layout-flex\">\n<p class=\"has-white-color has-text-color has-link-color has-medium-font-size wp-elements-13 wp-block-paragraph\"><strong>PFI Recycling &#8211; Zur Best\u00e4tigung des Einsatzes von recycelten Materialien<\/strong><\/p>\n<\/div>\n\n\n\n<p class=\"has-white-color has-text-color has-link-color has-medium-font-size wp-elements-14 wp-block-paragraph\">PFI gepr\u00fcft und zertifiziert &#8211; EMPCO konform<\/p>\n<\/div><\/div>\n<\/div>\n\n\n\n<div class=\"wp-block-group is-nowrap is-layout-flex wp-container-core-group-is-layout-3a88641f wp-block-group-is-layout-flex\">\n<div class=\"wp-block-media-text is-stacked-on-mobile has-pfi-blue-background-color has-background wp-container-content-9cfa9a5a\" style=\"border-top-left-radius:20px;border-top-right-radius:20px;border-bottom-left-radius:20px;border-bottom-right-radius:20px;margin-right:var(--wp--preset--spacing--10);padding-top:var(--wp--preset--spacing--10);padding-right:0;padding-bottom:var(--wp--preset--spacing--10);padding-left:var(--wp--preset--spacing--20);grid-template-columns:15% auto\"><figure class=\"wp-block-media-text__media\"><img loading=\"lazy\" decoding=\"async\" width=\"937\" height=\"911\" src=\"https:\/\/pfi-germany.de\/wp-content\/uploads\/2025\/08\/SG.png\" alt=\"\" class=\"wp-image-7080 size-thumbnail\" srcset=\"https:\/\/pfi-germany.de\/wp-content\/uploads\/2025\/08\/SG.png 937w, https:\/\/pfi-germany.de\/wp-content\/uploads\/2025\/08\/SG-300x292.png 300w, https:\/\/pfi-germany.de\/wp-content\/uploads\/2025\/08\/SG-768x747.png 768w, https:\/\/pfi-germany.de\/wp-content\/uploads\/2025\/08\/SG-50x49.png 50w, https:\/\/pfi-germany.de\/wp-content\/uploads\/2025\/08\/SG-12x12.png 12w\" sizes=\"auto, (max-width: 937px) 100vw, 937px\" \/><\/figure><div class=\"wp-block-media-text__content\">\n<div class=\"wp-block-group is-vertical is-layout-flex wp-container-core-group-is-layout-831b2db5 wp-block-group-is-layout-flex\">\n<p class=\"has-white-color has-text-color has-link-color has-medium-font-size wp-elements-15 wp-block-paragraph\"><strong>PFI SG Label &#8211; F\u00fcr Medizinprodukte der Klasse I inkl. Risikobewertung<\/strong><\/p>\n<\/div>\n\n\n\n<p class=\"has-white-color has-text-color has-link-color has-medium-font-size wp-elements-16 wp-block-paragraph\">PFI gepr\u00fcft und zertifiziert &#8211; EMPCO konform<\/p>\n<\/div><\/div>\n<\/div>\n\n\n\n<div class=\"wp-block-group is-nowrap is-layout-flex wp-container-core-group-is-layout-3a88641f wp-block-group-is-layout-flex\">\n<div class=\"wp-block-media-text is-stacked-on-mobile has-pfi-blue-background-color has-background wp-container-content-9cfa9a5a\" style=\"border-top-left-radius:20px;border-top-right-radius:20px;border-bottom-left-radius:20px;border-bottom-right-radius:20px;margin-right:var(--wp--preset--spacing--10);padding-top:var(--wp--preset--spacing--10);padding-right:0;padding-bottom:var(--wp--preset--spacing--10);padding-left:var(--wp--preset--spacing--20);grid-template-columns:18% auto\"><figure class=\"wp-block-media-text__media\"><img loading=\"lazy\" decoding=\"async\" width=\"1024\" height=\"1024\" src=\"https:\/\/pfi-germany.de\/wp-content\/uploads\/2026\/07\/Blauer-Engel-Osterreich.-Umweltzeichen-1024x1024.png\" alt=\"\" class=\"wp-image-21310 size-thumbnail\" srcset=\"https:\/\/pfi-germany.de\/wp-content\/uploads\/2026\/07\/Blauer-Engel-Osterreich.-Umweltzeichen-1024x1024.png 1024w, https:\/\/pfi-germany.de\/wp-content\/uploads\/2026\/07\/Blauer-Engel-Osterreich.-Umweltzeichen-300x300.png 300w, https:\/\/pfi-germany.de\/wp-content\/uploads\/2026\/07\/Blauer-Engel-Osterreich.-Umweltzeichen-150x150.png 150w, https:\/\/pfi-germany.de\/wp-content\/uploads\/2026\/07\/Blauer-Engel-Osterreich.-Umweltzeichen-768x768.png 768w, https:\/\/pfi-germany.de\/wp-content\/uploads\/2026\/07\/Blauer-Engel-Osterreich.-Umweltzeichen-50x50.png 50w, https:\/\/pfi-germany.de\/wp-content\/uploads\/2026\/07\/Blauer-Engel-Osterreich.-Umweltzeichen-1600x1600.png 1600w, https:\/\/pfi-germany.de\/wp-content\/uploads\/2026\/07\/Blauer-Engel-Osterreich.-Umweltzeichen-1536x1536.png 1536w, https:\/\/pfi-germany.de\/wp-content\/uploads\/2026\/07\/Blauer-Engel-Osterreich.-Umweltzeichen-12x12.png 12w, https:\/\/pfi-germany.de\/wp-content\/uploads\/2026\/07\/Blauer-Engel-Osterreich.-Umweltzeichen.png 2000w\" sizes=\"auto, (max-width: 1024px) 100vw, 1024px\" \/><\/figure><div class=\"wp-block-media-text__content\">\n<div class=\"wp-block-group is-nowrap is-layout-flex wp-container-core-group-is-layout-3a88641f wp-block-group-is-layout-flex\">\n<p class=\"has-white-color has-text-color has-link-color has-medium-font-size wp-elements-17 wp-block-paragraph\"><strong><strong>Blauer Engel &amp; <strong>\u00d6sterreichisches Umweltzeichen f\u00fcr Schuhe<\/strong><\/strong><\/strong> <\/p>\n<\/div>\n\n\n\n<p class=\"has-white-color has-text-color has-link-color has-medium-font-size wp-elements-18 wp-block-paragraph\">PFI Labortests und Vermittlung zu RAL oder VKI &#8211; EMPCO konform<\/p>\n<\/div><\/div>\n<\/div>\n<\/div>\n<\/div>\n\n\n\n<h2 class=\"wp-block-heading has-white-color has-custom-pfi-farbverlauf-gradient-background has-text-color has-background\" style=\"border-radius:10px;padding-top:0.5rem;padding-right:var(--wp--preset--spacing--20);padding-bottom:0.5rem;padding-left:var(--wp--preset--spacing--20);font-size:clamp(0.875rem, 0.875rem + ((1vw - 0.2rem) * 0.375), 1.1rem);\"><strong><strong><strong><strong><strong><strong><strong><strong>Ihr Mehrwert<\/strong><\/strong><\/strong><\/strong><\/strong><\/strong><\/strong><\/strong> mit <strong>PFI\u2011Pr\u00fcfsiegeln<\/strong>:<\/h2>\n\n\n\n<ul class=\"wp-block-list\">\n<li>dokumentieren Sie <strong>nachweisbare Umweltleistungen<\/strong><\/li>\n\n\n\n<li>erf\u00fcllen Sie <strong>gesetzliche Sorgfaltspflichten<\/strong><\/li>\n\n\n\n<li>st\u00e4rken Sie die <strong>Glaubw\u00fcrdigkeit Ihrer Nachhaltigkeitsaussagen<\/strong><\/li>\n\n\n\n<li>und sind fr\u00fchzeitig auf die <strong>EmpCo\u2011Richtlinie<\/strong> vorbereitet<\/li>\n<\/ul>\n\n\n\n<h2 class=\"wp-block-heading has-white-color has-custom-pfi-farbverlauf-gradient-background has-text-color has-background\" style=\"border-radius:10px;padding-top:0.5rem;padding-right:var(--wp--preset--spacing--20);padding-bottom:0.5rem;padding-left:var(--wp--preset--spacing--20);font-size:clamp(0.875rem, 0.875rem + ((1vw - 0.2rem) * 0.375), 1.1rem);\"><strong>Dokumentieren Sie \u00fcberpr\u00fcfbare Umweltleistungen und Sorgfaltspflichten \u2013 gemeinsam mit uns.<\/strong><\/h2>\n\n\n\n<h2 class=\"wp-block-heading has-white-color has-custom-pfi-farbverlauf-gradient-background has-text-color has-background\" style=\"border-radius:10px;padding-top:0.5rem;padding-right:var(--wp--preset--spacing--20);padding-bottom:0.5rem;padding-left:var(--wp--preset--spacing--20);font-size:clamp(0.875rem, 0.875rem + ((1vw - 0.2rem) * 0.375), 1.1rem);\">Sie haben Fragen? Sprechen Sie uns an!<\/h2>\n<\/div>\n<\/div>\n<\/div>\n<\/div>\n\n\n\n<div class=\"wp-block-group alignwide has-global-padding is-content-justification-center is-layout-constrained wp-block-group-is-layout-constrained\">\n<div class=\"wp-block-columns alignwide is-layout-flex wp-container-core-columns-is-layout-3a88641f wp-block-columns-is-layout-flex\">\n<div class=\"wp-block-column is-vertically-aligned-center has-pfi-blue-color has-text-color has-link-color wp-elements-19 is-layout-flow wp-block-column-is-layout-flow\" style=\"font-style:normal;font-weight:800\">\n<h2 class=\"wp-block-heading has-text-align-center has-large-font-size\">Ihr Ansprechpartner:<\/h2>\n<\/div>\n<\/div>\n\n\n\n<div class=\"wp-block-columns are-vertically-aligned-center is-layout-flex wp-container-core-columns-is-layout-59469b1c wp-block-columns-is-layout-flex\" style=\"padding-right:0;padding-left:0\">\n<div class=\"wp-block-column is-vertically-aligned-center has-pfi-grey-background-color has-background is-layout-flow wp-block-column-is-layout-flow\" style=\"border-radius:20px;padding-top:var(--wp--preset--spacing--10);padding-right:var(--wp--preset--spacing--20);padding-bottom:var(--wp--preset--spacing--10);padding-left:var(--wp--preset--spacing--20);flex-basis:100%\">\n<div class=\"wp-block-group is-vertical is-content-justification-center is-layout-flex wp-container-core-group-is-layout-aa84c6f0 wp-block-group-is-layout-flex\" style=\"padding-top:var(--wp--preset--spacing--20);padding-right:0;padding-bottom:var(--wp--preset--spacing--20);padding-left:0\">\n<figure class=\"wp-block-image size-full is-resized has-custom-border\"><img loading=\"lazy\" decoding=\"async\" width=\"1320\" height=\"1696\" src=\"https:\/\/pfi-germany.de\/wp-content\/uploads\/2025\/06\/image00003-edited.jpeg\" alt=\"\" class=\"wp-image-6165\" style=\"border-radius:10px;width:150px\" srcset=\"https:\/\/pfi-germany.de\/wp-content\/uploads\/2025\/06\/image00003-edited.jpeg 1320w, https:\/\/pfi-germany.de\/wp-content\/uploads\/2025\/06\/image00003-edited-233x300.jpeg 233w, https:\/\/pfi-germany.de\/wp-content\/uploads\/2025\/06\/image00003-edited-797x1024.jpeg 797w, https:\/\/pfi-germany.de\/wp-content\/uploads\/2025\/06\/image00003-edited-768x987.jpeg 768w, https:\/\/pfi-germany.de\/wp-content\/uploads\/2025\/06\/image00003-edited-50x64.jpeg 50w, https:\/\/pfi-germany.de\/wp-content\/uploads\/2025\/06\/image00003-edited-1195x1536.jpeg 1195w, https:\/\/pfi-germany.de\/wp-content\/uploads\/2025\/06\/image00003-edited-9x12.jpeg 9w\" sizes=\"auto, (max-width: 1320px) 100vw, 1320px\" \/><\/figure>\n\n\n\n<div class=\"wp-block-group is-vertical is-content-justification-center is-layout-flex wp-container-core-group-is-layout-d9d95ed6 wp-block-group-is-layout-flex\">\n<h3 class=\"wp-block-heading has-text-align-left has-pfi-blue-color has-text-color has-link-color wp-elements-20\" style=\"font-size:clamp(0.984rem, 0.984rem + ((1vw - 0.2rem) * 0.86), 1.5rem);\"><strong>Dr. Ines Anderie<\/strong><\/h3>\n\n\n\n<p class=\"has-text-align-center has-black-color has-text-color has-link-color wp-elements-21 wp-block-paragraph\"><strong>Chemische und&nbsp;mikrobiologische Analytik<\/strong><\/p>\n\n\n\n<div class=\"wp-block-group is-vertical is-layout-flex wp-container-core-group-is-layout-831b2db5 wp-block-group-is-layout-flex\">\n<div class=\"wp-block-buttons has-custom-font-size has-white-background-color has-background has-link-color has-small-font-size wp-elements-22 is-layout-flex wp-block-buttons-is-layout-flex\" style=\"border-radius:10px;font-style:normal;font-weight:1000\">\n<div class=\"wp-block-button has-custom-font-size has-small-font-size\" style=\"font-style:normal;font-weight:1000\"><a class=\"wp-block-button__link has-pfi-blue-color has-white-background-color has-text-color has-background has-link-color wp-element-button\" href=\"tel:+4963312490712\" style=\"border-radius:10px\" target=\"_blank\" rel=\"noreferrer noopener\">\ud83d\udcde +49 6331 2490 712<\/a><\/div>\n<\/div>\n<\/div>\n\n\n\n<div class=\"wp-block-group is-vertical is-layout-flex wp-container-core-group-is-layout-831b2db5 wp-block-group-is-layout-flex\">\n<div class=\"wp-block-buttons has-custom-font-size has-white-background-color has-background has-link-color has-small-font-size wp-elements-23 is-layout-flex wp-block-buttons-is-layout-flex\" style=\"border-radius:10px;font-style:normal;font-weight:1000\">\n<div class=\"wp-block-button has-custom-font-size has-small-font-size\" style=\"font-style:normal;font-weight:1000\"><a class=\"wp-block-button__link has-pfi-blue-color has-white-background-color has-text-color has-background has-link-color wp-element-button\" href=\"mailto:ines.anderie@pfi-germany.de\" style=\"border-radius:10px\" target=\"_blank\" rel=\"noreferrer noopener\">\u2709\ufe0f  E-Mail schreiben <\/a><\/div>\n<\/div>\n<\/div>\n<\/div>\n<\/div>\n<\/div>\n<\/div>\n<\/div>\n\n\n\n<div class=\"wp-block-group is-layout-flow wp-block-group-is-layout-flow\" style=\"padding-right:0;padding-left:0\">\n<div class=\"wp-block-group alignfull is-content-justification-center is-nowrap is-layout-flex wp-container-core-group-is-layout-f62c8162 wp-block-group-is-layout-flex\" style=\"margin-top:0;margin-bottom:0;padding-top:var(--wp--preset--spacing--20);padding-bottom:var(--wp--preset--spacing--20)\">\n<div class=\"gradient-separator-up\"><\/div>\n<\/div>\n\n\n\n<p class=\"has-text-align-center wp-container-content-0733e5d0 wp-block-paragraph\"><strong>Jetzt zum Newsletter anmelden und immer informiert bleiben!<\/strong><\/p>\n\n\n\n<p class=\"has-text-align-center wp-container-content-0733e5d0 wp-block-paragraph\">Hat Ihnen unser Blogartikel gefallen? Dann melden Sie sich am besten gleich f\u00fcr unseren Newsletter an! Dieser erscheint quartalsweise und versorgt Sie mit spannenden Einblicken rund um das PFI. Aktuelle Themen rund um Forschung, Entwicklung und Pr\u00fcfung &#8211; bleiben Sie informiert und immer auf dem neuesten Stand!&nbsp;<\/p>\n\n\n\n<div class=\"wp-block-buttons is-content-justification-center is-layout-flex wp-container-core-buttons-is-layout-525e7643 wp-block-buttons-is-layout-flex\" style=\"padding-top:var(--wp--preset--spacing--10);padding-bottom:var(--wp--preset--spacing--10)\">\n<div class=\"wp-block-button has-custom-font-size\" style=\"font-size:clamp(0.875rem, 0.875rem + ((1vw - 0.2rem) * 0.708), 1.3rem);\"><a class=\"wp-block-button__link has-white-color has-pfi-blue-background-color has-text-color has-background has-link-color wp-element-button\" href=\"https:\/\/pfi-germany.de\/newsletteranmeldung\/\" style=\"padding-right:var(--wp--preset--spacing--30);padding-left:var(--wp--preset--spacing--30)\">Newsletteranmeldung<\/a><\/div>\n<\/div>\n<\/div>\n","protected":false},"excerpt":{"rendered":"<p>Ab September 2026 gelten mit der EmpCo-Richtlinie neue Vorgaben f\u00fcr umweltbezogene Werbeaussagen. PFI-Pr\u00fcfzeichen erf\u00fcllen die Anforderungen an Transparenz und Glaubw\u00fcrdigkeit und unterst\u00fctzen Unternehmen bei einer rechtssicheren Kommunikation.<\/p>\n","protected":false},"author":4,"featured_media":18470,"comment_status":"closed","ping_status":"closed","sticky":false,"template":"blog-allgm","format":"standard","meta":{"content-type":"","footnotes":""},"categories":[55,9],"tags":[57,53],"class_list":["post-21303","post","type-post","status-publish","format-standard","has-post-thumbnail","hentry","category-pfi-blog","category-news","tag-institutnews","tag-pruefzeichen"],"yoast_head":"<!-- This site is optimized with the Yoast SEO plugin v28.3 - https:\/\/yoast.com\/product\/yoast-seo-wordpress\/ -->\n<title>EmpCo\u2011Richtlinie: Rechtssichere Nachhaltigkeit mit PFI<\/title>\n<meta name=\"description\" content=\"Ab dem 27.09.2026 gelten neue EU\u2011Vorgaben f\u00fcr Umwelt\u2011 und Nachhaltigkeitsaussagen. PFI\u2011Pr\u00fcfsiegel erf\u00fcllen die EmpCo\u2011Richtlinie bereits heute.\" \/>\n<meta name=\"robots\" content=\"index, follow, max-snippet:-1, max-image-preview:large, max-video-preview:-1\" \/>\n<link rel=\"canonical\" href=\"https:\/\/pfi-germany.de\/de\/schutz-vor-irrefuehrenden-werbeaussagen-pfi-pruefzeichen-sind-empco-konform\/\" \/>\n<meta property=\"og:locale\" content=\"de_DE\" \/>\n<meta property=\"og:type\" content=\"article\" \/>\n<meta property=\"og:title\" content=\"EmpCo\u2011Richtlinie: Rechtssichere Nachhaltigkeit mit PFI\" \/>\n<meta property=\"og:description\" content=\"Ab dem 27.09.2026 gelten neue EU\u2011Vorgaben f\u00fcr Umwelt\u2011 und Nachhaltigkeitsaussagen. PFI\u2011Pr\u00fcfsiegel erf\u00fcllen die EmpCo\u2011Richtlinie bereits heute.\" \/>\n<meta property=\"og:url\" content=\"https:\/\/pfi-germany.de\/de\/schutz-vor-irrefuehrenden-werbeaussagen-pfi-pruefzeichen-sind-empco-konform\/\" \/>\n<meta property=\"og:site_name\" content=\"Pr\u00fcf- und Forschungsinstitut Pirmasens e.V.\" \/>\n<meta property=\"article:publisher\" content=\"https:\/\/www.facebook.com\/people\/Pruef-und-Forschungsinstitut-Pirmasens-e-V\/100057088164342\/\" \/>\n<meta property=\"article:published_time\" content=\"2026-07-01T11:45:25+00:00\" \/>\n<meta property=\"article:modified_time\" content=\"2026-07-01T13:43:37+00:00\" \/>\n<meta property=\"og:image\" content=\"https:\/\/pfi-germany.de\/wp-content\/uploads\/2026\/01\/Titelbild-Empco-Richtlinie-mit-Text.jpg\" \/>\n\t<meta property=\"og:image:width\" content=\"1748\" \/>\n\t<meta property=\"og:image:height\" content=\"1240\" \/>\n\t<meta property=\"og:image:type\" content=\"image\/jpeg\" \/>\n<meta name=\"author\" content=\"SSchaefer\" \/>\n<meta name=\"twitter:card\" content=\"summary_large_image\" \/>\n<meta name=\"twitter:label1\" content=\"Verfasst von\" \/>\n\t<meta name=\"twitter:data1\" content=\"SSchaefer\" \/>\n\t<meta name=\"twitter:label2\" content=\"Gesch\u00e4tzte Lesezeit\" \/>\n\t<meta name=\"twitter:data2\" content=\"5\u00a0Minuten\" \/>\n<script type=\"application\/ld+json\" class=\"yoast-schema-graph\">{\"@context\":\"https:\\\/\\\/schema.org\",\"@graph\":[{\"@type\":\"Article\",\"@id\":\"https:\\\/\\\/pfi-germany.de\\\/schutz-vor-irrefuehrenden-werbeaussagen-pfi-pruefzeichen-sind-empco-konform\\\/#article\",\"isPartOf\":{\"@id\":\"https:\\\/\\\/pfi-germany.de\\\/schutz-vor-irrefuehrenden-werbeaussagen-pfi-pruefzeichen-sind-empco-konform\\\/\"},\"author\":{\"name\":\"SSchaefer\",\"@id\":\"https:\\\/\\\/pfi-germany.de\\\/de\\\/#\\\/schema\\\/person\\\/3fdc587dbd4a7441ddae9c5c0a3623f2\"},\"headline\":\"Schutz vor irref\u00fchrenden Werbeaussagen &#8211; PFI Pr\u00fcfzeichen sind EMPCO konform\",\"datePublished\":\"2026-07-01T11:45:25+00:00\",\"dateModified\":\"2026-07-01T13:43:37+00:00\",\"mainEntityOfPage\":{\"@id\":\"https:\\\/\\\/pfi-germany.de\\\/schutz-vor-irrefuehrenden-werbeaussagen-pfi-pruefzeichen-sind-empco-konform\\\/\"},\"wordCount\":461,\"publisher\":{\"@id\":\"https:\\\/\\\/pfi-germany.de\\\/de\\\/#organization\"},\"image\":{\"@id\":\"https:\\\/\\\/pfi-germany.de\\\/schutz-vor-irrefuehrenden-werbeaussagen-pfi-pruefzeichen-sind-empco-konform\\\/#primaryimage\"},\"thumbnailUrl\":\"https:\\\/\\\/pfi-germany.de\\\/wp-content\\\/uploads\\\/2026\\\/01\\\/Titelbild-Empco-Richtlinie-mit-Text.jpg\",\"keywords\":[\"#Institutnews\",\"#pr\u00fcfzeichen\"],\"articleSection\":[\"Fachwissen &amp; Insights\",\"News aus dem Institut\"],\"inLanguage\":\"de\"},{\"@type\":\"WebPage\",\"@id\":\"https:\\\/\\\/pfi-germany.de\\\/schutz-vor-irrefuehrenden-werbeaussagen-pfi-pruefzeichen-sind-empco-konform\\\/\",\"url\":\"https:\\\/\\\/pfi-germany.de\\\/schutz-vor-irrefuehrenden-werbeaussagen-pfi-pruefzeichen-sind-empco-konform\\\/\",\"name\":\"EmpCo\u2011Richtlinie: Rechtssichere Nachhaltigkeit mit PFI\",\"isPartOf\":{\"@id\":\"https:\\\/\\\/pfi-germany.de\\\/de\\\/#website\"},\"primaryImageOfPage\":{\"@id\":\"https:\\\/\\\/pfi-germany.de\\\/schutz-vor-irrefuehrenden-werbeaussagen-pfi-pruefzeichen-sind-empco-konform\\\/#primaryimage\"},\"image\":{\"@id\":\"https:\\\/\\\/pfi-germany.de\\\/schutz-vor-irrefuehrenden-werbeaussagen-pfi-pruefzeichen-sind-empco-konform\\\/#primaryimage\"},\"thumbnailUrl\":\"https:\\\/\\\/pfi-germany.de\\\/wp-content\\\/uploads\\\/2026\\\/01\\\/Titelbild-Empco-Richtlinie-mit-Text.jpg\",\"datePublished\":\"2026-07-01T11:45:25+00:00\",\"dateModified\":\"2026-07-01T13:43:37+00:00\",\"description\":\"Ab dem 27.09.2026 gelten neue EU\u2011Vorgaben f\u00fcr Umwelt\u2011 und Nachhaltigkeitsaussagen. PFI\u2011Pr\u00fcfsiegel erf\u00fcllen die EmpCo\u2011Richtlinie bereits heute.\",\"breadcrumb\":{\"@id\":\"https:\\\/\\\/pfi-germany.de\\\/schutz-vor-irrefuehrenden-werbeaussagen-pfi-pruefzeichen-sind-empco-konform\\\/#breadcrumb\"},\"inLanguage\":\"de\",\"potentialAction\":[{\"@type\":\"ReadAction\",\"target\":[\"https:\\\/\\\/pfi-germany.de\\\/schutz-vor-irrefuehrenden-werbeaussagen-pfi-pruefzeichen-sind-empco-konform\\\/\"]}]},{\"@type\":\"ImageObject\",\"inLanguage\":\"de\",\"@id\":\"https:\\\/\\\/pfi-germany.de\\\/schutz-vor-irrefuehrenden-werbeaussagen-pfi-pruefzeichen-sind-empco-konform\\\/#primaryimage\",\"url\":\"https:\\\/\\\/pfi-germany.de\\\/wp-content\\\/uploads\\\/2026\\\/01\\\/Titelbild-Empco-Richtlinie-mit-Text.jpg\",\"contentUrl\":\"https:\\\/\\\/pfi-germany.de\\\/wp-content\\\/uploads\\\/2026\\\/01\\\/Titelbild-Empco-Richtlinie-mit-Text.jpg\",\"width\":1748,\"height\":1240},{\"@type\":\"BreadcrumbList\",\"@id\":\"https:\\\/\\\/pfi-germany.de\\\/schutz-vor-irrefuehrenden-werbeaussagen-pfi-pruefzeichen-sind-empco-konform\\\/#breadcrumb\",\"itemListElement\":[{\"@type\":\"ListItem\",\"position\":1,\"name\":\"Home\",\"item\":\"https:\\\/\\\/pfi-germany.de\\\/\"},{\"@type\":\"ListItem\",\"position\":2,\"name\":\"Schutz vor irref\u00fchrenden Werbeaussagen &#8211; PFI Pr\u00fcfzeichen sind EMPCO konform\"}]},{\"@type\":\"WebSite\",\"@id\":\"https:\\\/\\\/pfi-germany.de\\\/de\\\/#website\",\"url\":\"https:\\\/\\\/pfi-germany.de\\\/de\\\/\",\"name\":\"PFI 2024\",\"description\":\"\",\"publisher\":{\"@id\":\"https:\\\/\\\/pfi-germany.de\\\/de\\\/#organization\"},\"potentialAction\":[{\"@type\":\"SearchAction\",\"target\":{\"@type\":\"EntryPoint\",\"urlTemplate\":\"https:\\\/\\\/pfi-germany.de\\\/de\\\/?s={search_term_string}\"},\"query-input\":{\"@type\":\"PropertyValueSpecification\",\"valueRequired\":true,\"valueName\":\"search_term_string\"}}],\"inLanguage\":\"de\"},{\"@type\":\"Organization\",\"@id\":\"https:\\\/\\\/pfi-germany.de\\\/de\\\/#organization\",\"name\":\"PFI 2024\",\"url\":\"https:\\\/\\\/pfi-germany.de\\\/de\\\/\",\"logo\":{\"@type\":\"ImageObject\",\"inLanguage\":\"de\",\"@id\":\"https:\\\/\\\/pfi-germany.de\\\/de\\\/#\\\/schema\\\/logo\\\/image\\\/\",\"url\":\"https:\\\/\\\/pfi-germany.de\\\/wp-content\\\/uploads\\\/2024\\\/09\\\/logo.jpg\",\"contentUrl\":\"https:\\\/\\\/pfi-germany.de\\\/wp-content\\\/uploads\\\/2024\\\/09\\\/logo.jpg\",\"width\":329,\"height\":120,\"caption\":\"PFI 2024\"},\"image\":{\"@id\":\"https:\\\/\\\/pfi-germany.de\\\/de\\\/#\\\/schema\\\/logo\\\/image\\\/\"},\"sameAs\":[\"https:\\\/\\\/www.facebook.com\\\/people\\\/Pruef-und-Forschungsinstitut-Pirmasens-e-V\\\/100057088164342\\\/\",\"https:\\\/\\\/www.instagram.com\\\/pfi_germany\\\/\",\"https:\\\/\\\/www.youtube.com\\\/channel\\\/UCITCYhey0fqJRRjiH7Gw3sg\",\"https:\\\/\\\/de.linkedin.com\\\/company\\\/pfi-germany\"]},{\"@type\":\"Person\",\"@id\":\"https:\\\/\\\/pfi-germany.de\\\/de\\\/#\\\/schema\\\/person\\\/3fdc587dbd4a7441ddae9c5c0a3623f2\",\"name\":\"SSchaefer\",\"image\":{\"@type\":\"ImageObject\",\"inLanguage\":\"de\",\"@id\":\"https:\\\/\\\/secure.gravatar.com\\\/avatar\\\/4cdc792ce8845448b375e79a6ab7c785431420281219e84046192c8133223580?s=96&d=mm&r=g\",\"url\":\"https:\\\/\\\/secure.gravatar.com\\\/avatar\\\/4cdc792ce8845448b375e79a6ab7c785431420281219e84046192c8133223580?s=96&d=mm&r=g\",\"contentUrl\":\"https:\\\/\\\/secure.gravatar.com\\\/avatar\\\/4cdc792ce8845448b375e79a6ab7c785431420281219e84046192c8133223580?s=96&d=mm&r=g\",\"caption\":\"SSchaefer\"},\"url\":\"https:\\\/\\\/pfi-germany.de\\\/de\\\/author\\\/sschaefer\\\/\"}]}<\/script>\n<!-- \/ Yoast SEO plugin. -->","yoast_head_json":{"title":"EmpCo\u2011Richtlinie: Rechtssichere Nachhaltigkeit mit PFI","description":"Ab dem 27.09.2026 gelten neue EU\u2011Vorgaben f\u00fcr Umwelt\u2011 und Nachhaltigkeitsaussagen. PFI\u2011Pr\u00fcfsiegel erf\u00fcllen die EmpCo\u2011Richtlinie bereits heute.","robots":{"index":"index","follow":"follow","max-snippet":"max-snippet:-1","max-image-preview":"max-image-preview:large","max-video-preview":"max-video-preview:-1"},"canonical":"https:\/\/pfi-germany.de\/de\/schutz-vor-irrefuehrenden-werbeaussagen-pfi-pruefzeichen-sind-empco-konform\/","og_locale":"de_DE","og_type":"article","og_title":"EmpCo\u2011Richtlinie: Rechtssichere Nachhaltigkeit mit PFI","og_description":"Ab dem 27.09.2026 gelten neue EU\u2011Vorgaben f\u00fcr Umwelt\u2011 und Nachhaltigkeitsaussagen. PFI\u2011Pr\u00fcfsiegel erf\u00fcllen die EmpCo\u2011Richtlinie bereits heute.","og_url":"https:\/\/pfi-germany.de\/de\/schutz-vor-irrefuehrenden-werbeaussagen-pfi-pruefzeichen-sind-empco-konform\/","og_site_name":"Pr\u00fcf- und Forschungsinstitut Pirmasens e.V.","article_publisher":"https:\/\/www.facebook.com\/people\/Pruef-und-Forschungsinstitut-Pirmasens-e-V\/100057088164342\/","article_published_time":"2026-07-01T11:45:25+00:00","article_modified_time":"2026-07-01T13:43:37+00:00","og_image":[{"width":1748,"height":1240,"url":"https:\/\/pfi-germany.de\/wp-content\/uploads\/2026\/01\/Titelbild-Empco-Richtlinie-mit-Text.jpg","type":"image\/jpeg"}],"author":"SSchaefer","twitter_card":"summary_large_image","twitter_misc":{"Verfasst von":"SSchaefer","Gesch\u00e4tzte Lesezeit":"5\u00a0Minuten"},"schema":{"@context":"https:\/\/schema.org","@graph":[{"@type":"Article","@id":"https:\/\/pfi-germany.de\/schutz-vor-irrefuehrenden-werbeaussagen-pfi-pruefzeichen-sind-empco-konform\/#article","isPartOf":{"@id":"https:\/\/pfi-germany.de\/schutz-vor-irrefuehrenden-werbeaussagen-pfi-pruefzeichen-sind-empco-konform\/"},"author":{"name":"SSchaefer","@id":"https:\/\/pfi-germany.de\/de\/#\/schema\/person\/3fdc587dbd4a7441ddae9c5c0a3623f2"},"headline":"Schutz vor irref\u00fchrenden Werbeaussagen &#8211; PFI Pr\u00fcfzeichen sind EMPCO konform","datePublished":"2026-07-01T11:45:25+00:00","dateModified":"2026-07-01T13:43:37+00:00","mainEntityOfPage":{"@id":"https:\/\/pfi-germany.de\/schutz-vor-irrefuehrenden-werbeaussagen-pfi-pruefzeichen-sind-empco-konform\/"},"wordCount":461,"publisher":{"@id":"https:\/\/pfi-germany.de\/de\/#organization"},"image":{"@id":"https:\/\/pfi-germany.de\/schutz-vor-irrefuehrenden-werbeaussagen-pfi-pruefzeichen-sind-empco-konform\/#primaryimage"},"thumbnailUrl":"https:\/\/pfi-germany.de\/wp-content\/uploads\/2026\/01\/Titelbild-Empco-Richtlinie-mit-Text.jpg","keywords":["#Institutnews","#pr\u00fcfzeichen"],"articleSection":["Fachwissen &amp; Insights","News aus dem Institut"],"inLanguage":"de"},{"@type":"WebPage","@id":"https:\/\/pfi-germany.de\/schutz-vor-irrefuehrenden-werbeaussagen-pfi-pruefzeichen-sind-empco-konform\/","url":"https:\/\/pfi-germany.de\/schutz-vor-irrefuehrenden-werbeaussagen-pfi-pruefzeichen-sind-empco-konform\/","name":"EmpCo\u2011Richtlinie: Rechtssichere Nachhaltigkeit mit PFI","isPartOf":{"@id":"https:\/\/pfi-germany.de\/de\/#website"},"primaryImageOfPage":{"@id":"https:\/\/pfi-germany.de\/schutz-vor-irrefuehrenden-werbeaussagen-pfi-pruefzeichen-sind-empco-konform\/#primaryimage"},"image":{"@id":"https:\/\/pfi-germany.de\/schutz-vor-irrefuehrenden-werbeaussagen-pfi-pruefzeichen-sind-empco-konform\/#primaryimage"},"thumbnailUrl":"https:\/\/pfi-germany.de\/wp-content\/uploads\/2026\/01\/Titelbild-Empco-Richtlinie-mit-Text.jpg","datePublished":"2026-07-01T11:45:25+00:00","dateModified":"2026-07-01T13:43:37+00:00","description":"Ab dem 27.09.2026 gelten neue EU\u2011Vorgaben f\u00fcr Umwelt\u2011 und Nachhaltigkeitsaussagen. PFI\u2011Pr\u00fcfsiegel erf\u00fcllen die EmpCo\u2011Richtlinie bereits heute.","breadcrumb":{"@id":"https:\/\/pfi-germany.de\/schutz-vor-irrefuehrenden-werbeaussagen-pfi-pruefzeichen-sind-empco-konform\/#breadcrumb"},"inLanguage":"de","potentialAction":[{"@type":"ReadAction","target":["https:\/\/pfi-germany.de\/schutz-vor-irrefuehrenden-werbeaussagen-pfi-pruefzeichen-sind-empco-konform\/"]}]},{"@type":"ImageObject","inLanguage":"de","@id":"https:\/\/pfi-germany.de\/schutz-vor-irrefuehrenden-werbeaussagen-pfi-pruefzeichen-sind-empco-konform\/#primaryimage","url":"https:\/\/pfi-germany.de\/wp-content\/uploads\/2026\/01\/Titelbild-Empco-Richtlinie-mit-Text.jpg","contentUrl":"https:\/\/pfi-germany.de\/wp-content\/uploads\/2026\/01\/Titelbild-Empco-Richtlinie-mit-Text.jpg","width":1748,"height":1240},{"@type":"BreadcrumbList","@id":"https:\/\/pfi-germany.de\/schutz-vor-irrefuehrenden-werbeaussagen-pfi-pruefzeichen-sind-empco-konform\/#breadcrumb","itemListElement":[{"@type":"ListItem","position":1,"name":"Home","item":"https:\/\/pfi-germany.de\/"},{"@type":"ListItem","position":2,"name":"Schutz vor irref\u00fchrenden Werbeaussagen &#8211; PFI Pr\u00fcfzeichen sind EMPCO konform"}]},{"@type":"WebSite","@id":"https:\/\/pfi-germany.de\/de\/#website","url":"https:\/\/pfi-germany.de\/de\/","name":"PFI 2024","description":"","publisher":{"@id":"https:\/\/pfi-germany.de\/de\/#organization"},"potentialAction":[{"@type":"SearchAction","target":{"@type":"EntryPoint","urlTemplate":"https:\/\/pfi-germany.de\/de\/?s={search_term_string}"},"query-input":{"@type":"PropertyValueSpecification","valueRequired":true,"valueName":"search_term_string"}}],"inLanguage":"de"},{"@type":"Organization","@id":"https:\/\/pfi-germany.de\/de\/#organization","name":"PFI 2024","url":"https:\/\/pfi-germany.de\/de\/","logo":{"@type":"ImageObject","inLanguage":"de","@id":"https:\/\/pfi-germany.de\/de\/#\/schema\/logo\/image\/","url":"https:\/\/pfi-germany.de\/wp-content\/uploads\/2024\/09\/logo.jpg","contentUrl":"https:\/\/pfi-germany.de\/wp-content\/uploads\/2024\/09\/logo.jpg","width":329,"height":120,"caption":"PFI 2024"},"image":{"@id":"https:\/\/pfi-germany.de\/de\/#\/schema\/logo\/image\/"},"sameAs":["https:\/\/www.facebook.com\/people\/Pruef-und-Forschungsinstitut-Pirmasens-e-V\/100057088164342\/","https:\/\/www.instagram.com\/pfi_germany\/","https:\/\/www.youtube.com\/channel\/UCITCYhey0fqJRRjiH7Gw3sg","https:\/\/de.linkedin.com\/company\/pfi-germany"]},{"@type":"Person","@id":"https:\/\/pfi-germany.de\/de\/#\/schema\/person\/3fdc587dbd4a7441ddae9c5c0a3623f2","name":"SSchaefer","image":{"@type":"ImageObject","inLanguage":"de","@id":"https:\/\/secure.gravatar.com\/avatar\/4cdc792ce8845448b375e79a6ab7c785431420281219e84046192c8133223580?s=96&d=mm&r=g","url":"https:\/\/secure.gravatar.com\/avatar\/4cdc792ce8845448b375e79a6ab7c785431420281219e84046192c8133223580?s=96&d=mm&r=g","contentUrl":"https:\/\/secure.gravatar.com\/avatar\/4cdc792ce8845448b375e79a6ab7c785431420281219e84046192c8133223580?s=96&d=mm&r=g","caption":"SSchaefer"},"url":"https:\/\/pfi-germany.de\/de\/author\/sschaefer\/"}]}},"_links":{"self":[{"href":"https:\/\/pfi-germany.de\/de\/wp-json\/wp\/v2\/posts\/21303","targetHints":{"allow":["GET"]}}],"collection":[{"href":"https:\/\/pfi-germany.de\/de\/wp-json\/wp\/v2\/posts"}],"about":[{"href":"https:\/\/pfi-germany.de\/de\/wp-json\/wp\/v2\/types\/post"}],"author":[{"embeddable":true,"href":"https:\/\/pfi-germany.de\/de\/wp-json\/wp\/v2\/users\/4"}],"replies":[{"embeddable":true,"href":"https:\/\/pfi-germany.de\/de\/wp-json\/wp\/v2\/comments?post=21303"}],"version-history":[{"count":4,"href":"https:\/\/pfi-germany.de\/de\/wp-json\/wp\/v2\/posts\/21303\/revisions"}],"predecessor-version":[{"id":21320,"href":"https:\/\/pfi-germany.de\/de\/wp-json\/wp\/v2\/posts\/21303\/revisions\/21320"}],"wp:featuredmedia":[{"embeddable":true,"href":"https:\/\/pfi-germany.de\/de\/wp-json\/wp\/v2\/media\/18470"}],"wp:attachment":[{"href":"https:\/\/pfi-germany.de\/de\/wp-json\/wp\/v2\/media?parent=21303"}],"wp:term":[{"taxonomy":"category","embeddable":true,"href":"https:\/\/pfi-germany.de\/de\/wp-json\/wp\/v2\/categories?post=21303"},{"taxonomy":"post_tag","embeddable":true,"href":"https:\/\/pfi-germany.de\/de\/wp-json\/wp\/v2\/tags?post=21303"}],"curies":[{"name":"wp","href":"https:\/\/api.w.org\/{rel}","templated":true}]}}