{"id":19804,"date":"2026-03-12T10:52:04","date_gmt":"2026-03-12T10:52:04","guid":{"rendered":"https:\/\/pfi-germany.de\/?p=19804"},"modified":"2026-03-26T08:26:53","modified_gmt":"2026-03-26T08:26:53","slug":"mitgliedschaft-cec","status":"publish","type":"post","link":"https:\/\/pfi-germany.de\/de\/mitgliedschaft-cec\/","title":{"rendered":"PFI wird Associate Member der europ\u00e4ischen Schuhindustrie-Konf\u00f6deration CEC"},"content":{"rendered":"\n<div class=\"wp-block-group has-global-padding is-layout-constrained wp-block-group-is-layout-constrained\">\n<div class=\"wp-block-columns alignwide is-layout-flex wp-container-core-columns-is-layout-28f84493 wp-block-columns-is-layout-flex\">\n<div class=\"wp-block-column is-layout-flow wp-block-column-is-layout-flow\" style=\"flex-basis:100%\">\n<div class=\"wp-block-group is-vertical is-layout-flex wp-container-core-group-is-layout-fe9cc265 wp-block-group-is-layout-flex\">\n<p>Das Pr\u00fcf- und Forschungsinstitut Pirmasens e.V. (PFI) ist seit Februar 2026 Associate Member der <a href=\"http:\/\/cec-footwearindustry.eu\/\"><strong>Conf\u00e9d\u00e9ration Europ\u00e9enne de l\u2019Industrie de la Chaussure (CEC)<\/strong>.<\/a> Die in Br\u00fcssel ans\u00e4ssige Organisation vertritt die Interessen der europ\u00e4ischen Schuhindustrie und f\u00f6rdert den Austausch zwischen Unternehmen, Verb\u00e4nden und Forschungseinrichtungen auf europ\u00e4ischer Ebene.<\/p>\n\n\n\n<p>Mit der Aufnahme des PFI erweitert die CEC ihr Netzwerk um ein Technologie- und Forschungszentrum mit langj\u00e4hriger Expertise in den Bereichen Schuhentwicklung, Produktpr\u00fcfung und Nachhaltigkeit. Ziel der Zusammenarbeit ist es, Innovationen in der europ\u00e4ischen Schuhindustrie zu st\u00e4rken und den Wissenstransfer zwischen Industrie und Forschung zu f\u00f6rdern.<\/p>\n\n\n\n<p>Ein besonderer Fokus liegt dabei auf der Zusammenarbeit von Technologiezentren innerhalb der CEC, etwa im Rahmen einer geplanten Arbeitsgruppe zu Nachhaltigkeit. Diese soll den Austausch von Fachwissen unterst\u00fctzen und gemeinsame Positionen zu aktuellen Themen der europ\u00e4ischen Regulierung und Branchenentwicklung erm\u00f6glichen.<\/p>\n\n\n\n<p>PFI-Institutsleiter Prof. Dr.-Ing. G\u00fcnter Schell sieht in der Mitgliedschaft eine wertvolle Plattform f\u00fcr den fachlichen Dialog auf europ\u00e4ischer Ebene:<\/p>\n\n\n\n<div class=\"wp-block-columns is-layout-flex wp-container-core-columns-is-layout-28f84493 wp-block-columns-is-layout-flex\">\n<div class=\"wp-block-column is-layout-flow wp-block-column-is-layout-flow\" style=\"flex-basis:20%\">\n<figure class=\"wp-block-image aligncenter size-large\"><img loading=\"lazy\" decoding=\"async\" width=\"1024\" height=\"1024\" src=\"https:\/\/pfi-germany.de\/wp-content\/uploads\/2026\/02\/Portrait-Dr.-Schell-rund-1024x1024.jpg\" alt=\"\" class=\"wp-image-19010\" srcset=\"https:\/\/pfi-germany.de\/wp-content\/uploads\/2026\/02\/Portrait-Dr.-Schell-rund-1024x1024.jpg 1024w, https:\/\/pfi-germany.de\/wp-content\/uploads\/2026\/02\/Portrait-Dr.-Schell-rund-300x300.jpg 300w, https:\/\/pfi-germany.de\/wp-content\/uploads\/2026\/02\/Portrait-Dr.-Schell-rund-150x150.jpg 150w, https:\/\/pfi-germany.de\/wp-content\/uploads\/2026\/02\/Portrait-Dr.-Schell-rund-768x768.jpg 768w, https:\/\/pfi-germany.de\/wp-content\/uploads\/2026\/02\/Portrait-Dr.-Schell-rund-50x50.jpg 50w, https:\/\/pfi-germany.de\/wp-content\/uploads\/2026\/02\/Portrait-Dr.-Schell-rund-12x12.jpg 12w, https:\/\/pfi-germany.de\/wp-content\/uploads\/2026\/02\/Portrait-Dr.-Schell-rund.jpg 1080w\" sizes=\"auto, (max-width: 1024px) 100vw, 1024px\" \/><figcaption class=\"wp-element-caption\">Prof. Dr.-Ing. G\u00fcnter Schell<\/figcaption><\/figure>\n<\/div>\n\n\n\n<div class=\"wp-block-column is-vertically-aligned-center is-layout-flow wp-block-column-is-layout-flow\" style=\"flex-basis:100%\">\n<p class=\"has-pfi-grey-background-color has-background\" style=\"border-top-left-radius:20px;border-top-right-radius:20px;border-bottom-left-radius:20px;border-bottom-right-radius:20px\"><em>\u201eDie Zusammenarbeit innerhalb der CEC bietet die M\u00f6glichkeit, unsere wissenschaftliche und technische Expertise st\u00e4rker in europ\u00e4ische Brancheninitiativen einzubringen und gleichzeitig den Austausch mit Industrie und Forschung weiter auszubauen.\u201c<\/em><\/p>\n<\/div>\n<\/div>\n<\/div>\n<\/div>\n<\/div>\n<\/div>\n\n\n\n<div class=\"wp-block-group is-layout-flow wp-block-group-is-layout-flow\" style=\"padding-right:0;padding-left:0\">\n<div class=\"wp-block-group alignfull is-content-justification-center is-nowrap is-layout-flex wp-container-core-group-is-layout-023ea1b8 wp-block-group-is-layout-flex\" style=\"margin-top:0;margin-bottom:0;padding-top:var(--wp--preset--spacing--20);padding-bottom:var(--wp--preset--spacing--20)\">\n<div class=\"gradient-separator-up\"><\/div>\n<\/div>\n\n\n\n<p class=\"has-text-align-center wp-container-content-0733e5d0\"><strong>Jetzt zum Newsletter anmelden und immer informiert bleiben!<\/strong><\/p>\n\n\n\n<p class=\"has-text-align-center wp-container-content-0733e5d0\">Hat Ihnen unser Blogartikel gefallen? Dann melden Sie sich am besten gleich f\u00fcr unseren Newsletter an! Dieser erscheint quartalsweise und versorgt Sie mit spannenden Einblicken rund um das PFI. Aktuelle Themen rund um Forschung, Entwicklung und Pr\u00fcfung &#8211; bleiben Sie informiert und immer auf dem neuesten Stand!&nbsp;<\/p>\n\n\n\n<div class=\"wp-block-buttons is-content-justification-center is-layout-flex wp-container-core-buttons-is-layout-10860990 wp-block-buttons-is-layout-flex\" style=\"padding-top:var(--wp--preset--spacing--10);padding-bottom:var(--wp--preset--spacing--10)\">\n<div class=\"wp-block-button has-custom-font-size\" style=\"font-size:clamp(0.875rem, 0.875rem + ((1vw - 0.2rem) * 0.708), 1.3rem);\"><a class=\"wp-block-button__link has-white-color has-pfi-blue-background-color has-text-color has-background has-link-color wp-element-button\" href=\"https:\/\/pfi-germany.de\/newsletteranmeldung\/\" style=\"padding-right:var(--wp--preset--spacing--30);padding-left:var(--wp--preset--spacing--30)\">Newsletteranmeldung<\/a><\/div>\n<\/div>\n<\/div>\n","protected":false},"excerpt":{"rendered":"<p>Seit Februar 2026 ist das PFI Associate Member der Conf\u00e9d\u00e9ration Europ\u00e9enne de l\u2019Industrie de la Chaussure (CEC). Mit seiner langj\u00e4hrigen Expertise in Schuhentwicklung, Produktpr\u00fcfung und Nachhaltigkeit bringt das Institut k\u00fcnftig noch st\u00e4rker Know-how in europ\u00e4ische Innovations- und Nachhaltigkeitsinitiativen ein.<\/p>\n","protected":false},"author":4,"featured_media":19807,"comment_status":"closed","ping_status":"closed","sticky":false,"template":"blog-allgm","format":"standard","meta":{"footnotes":""},"categories":[55,9],"tags":[57],"class_list":["post-19804","post","type-post","status-publish","format-standard","has-post-thumbnail","hentry","category-pfi-blog","category-news","tag-institutnews"],"yoast_head":"<!-- This site is optimized with the Yoast SEO plugin v27.3 - https:\/\/yoast.com\/product\/yoast-seo-wordpress\/ -->\n<title>PFI ist neues Associate Member der CEC<\/title>\n<meta name=\"description\" content=\"Das PFI ist neues Associate Member der CEC und bringt seine Expertise in Schuhentwicklung, Pr\u00fcfung und Nachhaltigkeit in europ\u00e4ische Innovations- und Brancheninitiativen ein.\" \/>\n<meta name=\"robots\" content=\"index, follow, max-snippet:-1, max-image-preview:large, max-video-preview:-1\" \/>\n<link rel=\"canonical\" href=\"https:\/\/pfi-germany.de\/de\/mitgliedschaft-cec\/\" \/>\n<meta property=\"og:locale\" content=\"de_DE\" \/>\n<meta property=\"og:type\" content=\"article\" \/>\n<meta property=\"og:title\" content=\"PFI ist neues Associate Member der CEC\" \/>\n<meta property=\"og:description\" content=\"Das PFI ist neues Associate Member der CEC und bringt seine Expertise in Schuhentwicklung, Pr\u00fcfung und Nachhaltigkeit in europ\u00e4ische Innovations- und Brancheninitiativen ein.\" \/>\n<meta property=\"og:url\" content=\"https:\/\/pfi-germany.de\/de\/mitgliedschaft-cec\/\" \/>\n<meta property=\"og:site_name\" content=\"Pr\u00fcf- und Forschungsinstitut Pirmasens e.V.\" \/>\n<meta property=\"article:publisher\" content=\"https:\/\/www.facebook.com\/people\/Pruef-und-Forschungsinstitut-Pirmasens-e-V\/100057088164342\/\" \/>\n<meta property=\"article:published_time\" content=\"2026-03-12T10:52:04+00:00\" \/>\n<meta property=\"article:modified_time\" content=\"2026-03-26T08:26:53+00:00\" \/>\n<meta property=\"og:image\" content=\"https:\/\/pfi-germany.de\/wp-content\/uploads\/2026\/03\/Mitgliedschaft-PFI-CEC.jpg\" \/>\n\t<meta property=\"og:image:width\" content=\"1748\" \/>\n\t<meta property=\"og:image:height\" content=\"1240\" \/>\n\t<meta property=\"og:image:type\" content=\"image\/jpeg\" \/>\n<meta name=\"author\" content=\"SSchaefer\" \/>\n<meta name=\"twitter:card\" content=\"summary_large_image\" \/>\n<meta name=\"twitter:label1\" content=\"Verfasst von\" \/>\n\t<meta name=\"twitter:data1\" content=\"SSchaefer\" \/>\n\t<meta name=\"twitter:label2\" content=\"Gesch\u00e4tzte Lesezeit\" \/>\n\t<meta name=\"twitter:data2\" content=\"3\u00a0Minuten\" \/>\n<script type=\"application\/ld+json\" class=\"yoast-schema-graph\">{\"@context\":\"https:\\\/\\\/schema.org\",\"@graph\":[{\"@type\":\"Article\",\"@id\":\"https:\\\/\\\/pfi-germany.de\\\/mitgliedschaft-cec\\\/#article\",\"isPartOf\":{\"@id\":\"https:\\\/\\\/pfi-germany.de\\\/mitgliedschaft-cec\\\/\"},\"author\":{\"name\":\"SSchaefer\",\"@id\":\"https:\\\/\\\/pfi-germany.de\\\/de\\\/#\\\/schema\\\/person\\\/3fdc587dbd4a7441ddae9c5c0a3623f2\"},\"headline\":\"PFI wird Associate Member der europ\u00e4ischen Schuhindustrie-Konf\u00f6deration CEC\",\"datePublished\":\"2026-03-12T10:52:04+00:00\",\"dateModified\":\"2026-03-26T08:26:53+00:00\",\"mainEntityOfPage\":{\"@id\":\"https:\\\/\\\/pfi-germany.de\\\/mitgliedschaft-cec\\\/\"},\"wordCount\":220,\"publisher\":{\"@id\":\"https:\\\/\\\/pfi-germany.de\\\/de\\\/#organization\"},\"image\":{\"@id\":\"https:\\\/\\\/pfi-germany.de\\\/mitgliedschaft-cec\\\/#primaryimage\"},\"thumbnailUrl\":\"https:\\\/\\\/pfi-germany.de\\\/wp-content\\\/uploads\\\/2026\\\/03\\\/Mitgliedschaft-PFI-CEC.jpg\",\"keywords\":[\"#Institutnews\"],\"articleSection\":[\"Fachwissen &amp; Insights\",\"News aus dem Institut\"],\"inLanguage\":\"de\"},{\"@type\":\"WebPage\",\"@id\":\"https:\\\/\\\/pfi-germany.de\\\/mitgliedschaft-cec\\\/\",\"url\":\"https:\\\/\\\/pfi-germany.de\\\/mitgliedschaft-cec\\\/\",\"name\":\"PFI ist neues Associate Member der CEC\",\"isPartOf\":{\"@id\":\"https:\\\/\\\/pfi-germany.de\\\/de\\\/#website\"},\"primaryImageOfPage\":{\"@id\":\"https:\\\/\\\/pfi-germany.de\\\/mitgliedschaft-cec\\\/#primaryimage\"},\"image\":{\"@id\":\"https:\\\/\\\/pfi-germany.de\\\/mitgliedschaft-cec\\\/#primaryimage\"},\"thumbnailUrl\":\"https:\\\/\\\/pfi-germany.de\\\/wp-content\\\/uploads\\\/2026\\\/03\\\/Mitgliedschaft-PFI-CEC.jpg\",\"datePublished\":\"2026-03-12T10:52:04+00:00\",\"dateModified\":\"2026-03-26T08:26:53+00:00\",\"description\":\"Das PFI ist neues Associate Member der CEC und bringt seine Expertise in Schuhentwicklung, Pr\u00fcfung und Nachhaltigkeit in europ\u00e4ische Innovations- und Brancheninitiativen ein.\",\"breadcrumb\":{\"@id\":\"https:\\\/\\\/pfi-germany.de\\\/mitgliedschaft-cec\\\/#breadcrumb\"},\"inLanguage\":\"de\",\"potentialAction\":[{\"@type\":\"ReadAction\",\"target\":[\"https:\\\/\\\/pfi-germany.de\\\/mitgliedschaft-cec\\\/\"]}]},{\"@type\":\"ImageObject\",\"inLanguage\":\"de\",\"@id\":\"https:\\\/\\\/pfi-germany.de\\\/mitgliedschaft-cec\\\/#primaryimage\",\"url\":\"https:\\\/\\\/pfi-germany.de\\\/wp-content\\\/uploads\\\/2026\\\/03\\\/Mitgliedschaft-PFI-CEC.jpg\",\"contentUrl\":\"https:\\\/\\\/pfi-germany.de\\\/wp-content\\\/uploads\\\/2026\\\/03\\\/Mitgliedschaft-PFI-CEC.jpg\",\"width\":1748,\"height\":1240},{\"@type\":\"BreadcrumbList\",\"@id\":\"https:\\\/\\\/pfi-germany.de\\\/mitgliedschaft-cec\\\/#breadcrumb\",\"itemListElement\":[{\"@type\":\"ListItem\",\"position\":1,\"name\":\"Home\",\"item\":\"https:\\\/\\\/pfi-germany.de\\\/\"},{\"@type\":\"ListItem\",\"position\":2,\"name\":\"PFI wird Associate Member der europ\u00e4ischen Schuhindustrie-Konf\u00f6deration CEC\"}]},{\"@type\":\"WebSite\",\"@id\":\"https:\\\/\\\/pfi-germany.de\\\/de\\\/#website\",\"url\":\"https:\\\/\\\/pfi-germany.de\\\/de\\\/\",\"name\":\"PFI 2024\",\"description\":\"\",\"publisher\":{\"@id\":\"https:\\\/\\\/pfi-germany.de\\\/de\\\/#organization\"},\"potentialAction\":[{\"@type\":\"SearchAction\",\"target\":{\"@type\":\"EntryPoint\",\"urlTemplate\":\"https:\\\/\\\/pfi-germany.de\\\/de\\\/?s={search_term_string}\"},\"query-input\":{\"@type\":\"PropertyValueSpecification\",\"valueRequired\":true,\"valueName\":\"search_term_string\"}}],\"inLanguage\":\"de\"},{\"@type\":\"Organization\",\"@id\":\"https:\\\/\\\/pfi-germany.de\\\/de\\\/#organization\",\"name\":\"PFI 2024\",\"url\":\"https:\\\/\\\/pfi-germany.de\\\/de\\\/\",\"logo\":{\"@type\":\"ImageObject\",\"inLanguage\":\"de\",\"@id\":\"https:\\\/\\\/pfi-germany.de\\\/de\\\/#\\\/schema\\\/logo\\\/image\\\/\",\"url\":\"https:\\\/\\\/pfi-germany.de\\\/wp-content\\\/uploads\\\/2024\\\/09\\\/logo.jpg\",\"contentUrl\":\"https:\\\/\\\/pfi-germany.de\\\/wp-content\\\/uploads\\\/2024\\\/09\\\/logo.jpg\",\"width\":329,\"height\":120,\"caption\":\"PFI 2024\"},\"image\":{\"@id\":\"https:\\\/\\\/pfi-germany.de\\\/de\\\/#\\\/schema\\\/logo\\\/image\\\/\"},\"sameAs\":[\"https:\\\/\\\/www.facebook.com\\\/people\\\/Pruef-und-Forschungsinstitut-Pirmasens-e-V\\\/100057088164342\\\/\",\"https:\\\/\\\/www.instagram.com\\\/pfi_germany\\\/\",\"https:\\\/\\\/www.youtube.com\\\/channel\\\/UCITCYhey0fqJRRjiH7Gw3sg\",\"https:\\\/\\\/de.linkedin.com\\\/company\\\/pfi-germany\"]},{\"@type\":\"Person\",\"@id\":\"https:\\\/\\\/pfi-germany.de\\\/de\\\/#\\\/schema\\\/person\\\/3fdc587dbd4a7441ddae9c5c0a3623f2\",\"name\":\"SSchaefer\",\"image\":{\"@type\":\"ImageObject\",\"inLanguage\":\"de\",\"@id\":\"https:\\\/\\\/secure.gravatar.com\\\/avatar\\\/4cdc792ce8845448b375e79a6ab7c785431420281219e84046192c8133223580?s=96&d=mm&r=g\",\"url\":\"https:\\\/\\\/secure.gravatar.com\\\/avatar\\\/4cdc792ce8845448b375e79a6ab7c785431420281219e84046192c8133223580?s=96&d=mm&r=g\",\"contentUrl\":\"https:\\\/\\\/secure.gravatar.com\\\/avatar\\\/4cdc792ce8845448b375e79a6ab7c785431420281219e84046192c8133223580?s=96&d=mm&r=g\",\"caption\":\"SSchaefer\"},\"url\":\"https:\\\/\\\/pfi-germany.de\\\/de\\\/author\\\/sschaefer\\\/\"}]}<\/script>\n<!-- \/ Yoast SEO plugin. -->","yoast_head_json":{"title":"PFI ist neues Associate Member der CEC","description":"Das PFI ist neues Associate Member der CEC und bringt seine Expertise in Schuhentwicklung, Pr\u00fcfung und Nachhaltigkeit in europ\u00e4ische Innovations- und Brancheninitiativen ein.","robots":{"index":"index","follow":"follow","max-snippet":"max-snippet:-1","max-image-preview":"max-image-preview:large","max-video-preview":"max-video-preview:-1"},"canonical":"https:\/\/pfi-germany.de\/de\/mitgliedschaft-cec\/","og_locale":"de_DE","og_type":"article","og_title":"PFI ist neues Associate Member der CEC","og_description":"Das PFI ist neues Associate Member der CEC und bringt seine Expertise in Schuhentwicklung, Pr\u00fcfung und Nachhaltigkeit in europ\u00e4ische Innovations- und Brancheninitiativen ein.","og_url":"https:\/\/pfi-germany.de\/de\/mitgliedschaft-cec\/","og_site_name":"Pr\u00fcf- und Forschungsinstitut Pirmasens e.V.","article_publisher":"https:\/\/www.facebook.com\/people\/Pruef-und-Forschungsinstitut-Pirmasens-e-V\/100057088164342\/","article_published_time":"2026-03-12T10:52:04+00:00","article_modified_time":"2026-03-26T08:26:53+00:00","og_image":[{"width":1748,"height":1240,"url":"https:\/\/pfi-germany.de\/wp-content\/uploads\/2026\/03\/Mitgliedschaft-PFI-CEC.jpg","type":"image\/jpeg"}],"author":"SSchaefer","twitter_card":"summary_large_image","twitter_misc":{"Verfasst von":"SSchaefer","Gesch\u00e4tzte Lesezeit":"3\u00a0Minuten"},"schema":{"@context":"https:\/\/schema.org","@graph":[{"@type":"Article","@id":"https:\/\/pfi-germany.de\/mitgliedschaft-cec\/#article","isPartOf":{"@id":"https:\/\/pfi-germany.de\/mitgliedschaft-cec\/"},"author":{"name":"SSchaefer","@id":"https:\/\/pfi-germany.de\/de\/#\/schema\/person\/3fdc587dbd4a7441ddae9c5c0a3623f2"},"headline":"PFI wird Associate Member der europ\u00e4ischen Schuhindustrie-Konf\u00f6deration CEC","datePublished":"2026-03-12T10:52:04+00:00","dateModified":"2026-03-26T08:26:53+00:00","mainEntityOfPage":{"@id":"https:\/\/pfi-germany.de\/mitgliedschaft-cec\/"},"wordCount":220,"publisher":{"@id":"https:\/\/pfi-germany.de\/de\/#organization"},"image":{"@id":"https:\/\/pfi-germany.de\/mitgliedschaft-cec\/#primaryimage"},"thumbnailUrl":"https:\/\/pfi-germany.de\/wp-content\/uploads\/2026\/03\/Mitgliedschaft-PFI-CEC.jpg","keywords":["#Institutnews"],"articleSection":["Fachwissen &amp; Insights","News aus dem Institut"],"inLanguage":"de"},{"@type":"WebPage","@id":"https:\/\/pfi-germany.de\/mitgliedschaft-cec\/","url":"https:\/\/pfi-germany.de\/mitgliedschaft-cec\/","name":"PFI ist neues Associate Member der CEC","isPartOf":{"@id":"https:\/\/pfi-germany.de\/de\/#website"},"primaryImageOfPage":{"@id":"https:\/\/pfi-germany.de\/mitgliedschaft-cec\/#primaryimage"},"image":{"@id":"https:\/\/pfi-germany.de\/mitgliedschaft-cec\/#primaryimage"},"thumbnailUrl":"https:\/\/pfi-germany.de\/wp-content\/uploads\/2026\/03\/Mitgliedschaft-PFI-CEC.jpg","datePublished":"2026-03-12T10:52:04+00:00","dateModified":"2026-03-26T08:26:53+00:00","description":"Das PFI ist neues Associate Member der CEC und bringt seine Expertise in Schuhentwicklung, Pr\u00fcfung und Nachhaltigkeit in europ\u00e4ische Innovations- und Brancheninitiativen ein.","breadcrumb":{"@id":"https:\/\/pfi-germany.de\/mitgliedschaft-cec\/#breadcrumb"},"inLanguage":"de","potentialAction":[{"@type":"ReadAction","target":["https:\/\/pfi-germany.de\/mitgliedschaft-cec\/"]}]},{"@type":"ImageObject","inLanguage":"de","@id":"https:\/\/pfi-germany.de\/mitgliedschaft-cec\/#primaryimage","url":"https:\/\/pfi-germany.de\/wp-content\/uploads\/2026\/03\/Mitgliedschaft-PFI-CEC.jpg","contentUrl":"https:\/\/pfi-germany.de\/wp-content\/uploads\/2026\/03\/Mitgliedschaft-PFI-CEC.jpg","width":1748,"height":1240},{"@type":"BreadcrumbList","@id":"https:\/\/pfi-germany.de\/mitgliedschaft-cec\/#breadcrumb","itemListElement":[{"@type":"ListItem","position":1,"name":"Home","item":"https:\/\/pfi-germany.de\/"},{"@type":"ListItem","position":2,"name":"PFI wird Associate Member der europ\u00e4ischen Schuhindustrie-Konf\u00f6deration CEC"}]},{"@type":"WebSite","@id":"https:\/\/pfi-germany.de\/de\/#website","url":"https:\/\/pfi-germany.de\/de\/","name":"PFI 2024","description":"","publisher":{"@id":"https:\/\/pfi-germany.de\/de\/#organization"},"potentialAction":[{"@type":"SearchAction","target":{"@type":"EntryPoint","urlTemplate":"https:\/\/pfi-germany.de\/de\/?s={search_term_string}"},"query-input":{"@type":"PropertyValueSpecification","valueRequired":true,"valueName":"search_term_string"}}],"inLanguage":"de"},{"@type":"Organization","@id":"https:\/\/pfi-germany.de\/de\/#organization","name":"PFI 2024","url":"https:\/\/pfi-germany.de\/de\/","logo":{"@type":"ImageObject","inLanguage":"de","@id":"https:\/\/pfi-germany.de\/de\/#\/schema\/logo\/image\/","url":"https:\/\/pfi-germany.de\/wp-content\/uploads\/2024\/09\/logo.jpg","contentUrl":"https:\/\/pfi-germany.de\/wp-content\/uploads\/2024\/09\/logo.jpg","width":329,"height":120,"caption":"PFI 2024"},"image":{"@id":"https:\/\/pfi-germany.de\/de\/#\/schema\/logo\/image\/"},"sameAs":["https:\/\/www.facebook.com\/people\/Pruef-und-Forschungsinstitut-Pirmasens-e-V\/100057088164342\/","https:\/\/www.instagram.com\/pfi_germany\/","https:\/\/www.youtube.com\/channel\/UCITCYhey0fqJRRjiH7Gw3sg","https:\/\/de.linkedin.com\/company\/pfi-germany"]},{"@type":"Person","@id":"https:\/\/pfi-germany.de\/de\/#\/schema\/person\/3fdc587dbd4a7441ddae9c5c0a3623f2","name":"SSchaefer","image":{"@type":"ImageObject","inLanguage":"de","@id":"https:\/\/secure.gravatar.com\/avatar\/4cdc792ce8845448b375e79a6ab7c785431420281219e84046192c8133223580?s=96&d=mm&r=g","url":"https:\/\/secure.gravatar.com\/avatar\/4cdc792ce8845448b375e79a6ab7c785431420281219e84046192c8133223580?s=96&d=mm&r=g","contentUrl":"https:\/\/secure.gravatar.com\/avatar\/4cdc792ce8845448b375e79a6ab7c785431420281219e84046192c8133223580?s=96&d=mm&r=g","caption":"SSchaefer"},"url":"https:\/\/pfi-germany.de\/de\/author\/sschaefer\/"}]}},"_links":{"self":[{"href":"https:\/\/pfi-germany.de\/de\/wp-json\/wp\/v2\/posts\/19804","targetHints":{"allow":["GET"]}}],"collection":[{"href":"https:\/\/pfi-germany.de\/de\/wp-json\/wp\/v2\/posts"}],"about":[{"href":"https:\/\/pfi-germany.de\/de\/wp-json\/wp\/v2\/types\/post"}],"author":[{"embeddable":true,"href":"https:\/\/pfi-germany.de\/de\/wp-json\/wp\/v2\/users\/4"}],"replies":[{"embeddable":true,"href":"https:\/\/pfi-germany.de\/de\/wp-json\/wp\/v2\/comments?post=19804"}],"version-history":[{"count":3,"href":"https:\/\/pfi-germany.de\/de\/wp-json\/wp\/v2\/posts\/19804\/revisions"}],"predecessor-version":[{"id":19808,"href":"https:\/\/pfi-germany.de\/de\/wp-json\/wp\/v2\/posts\/19804\/revisions\/19808"}],"wp:featuredmedia":[{"embeddable":true,"href":"https:\/\/pfi-germany.de\/de\/wp-json\/wp\/v2\/media\/19807"}],"wp:attachment":[{"href":"https:\/\/pfi-germany.de\/de\/wp-json\/wp\/v2\/media?parent=19804"}],"wp:term":[{"taxonomy":"category","embeddable":true,"href":"https:\/\/pfi-germany.de\/de\/wp-json\/wp\/v2\/categories?post=19804"},{"taxonomy":"post_tag","embeddable":true,"href":"https:\/\/pfi-germany.de\/de\/wp-json\/wp\/v2\/tags?post=19804"}],"curies":[{"name":"wp","href":"https:\/\/api.w.org\/{rel}","templated":true}]}}