{"id":15140,"date":"2025-11-07T13:59:15","date_gmt":"2025-11-07T13:59:15","guid":{"rendered":"https:\/\/pfi-germany.de\/?p=15140"},"modified":"2025-11-07T13:59:16","modified_gmt":"2025-11-07T13:59:16","slug":"train-the-trainers-workshop-metaskills4tclf","status":"publish","type":"post","link":"https:\/\/pfi-germany.de\/de\/train-the-trainers-workshop-metaskills4tclf\/","title":{"rendered":"Erster \u201aTrain the Trainers\u2018-Workshop des METASKILLS4TCLF-Projekts erfolgreich in Pirmasens durchgef\u00fchrt"},"content":{"rendered":"\n<div class=\"wp-block-group has-global-padding is-layout-constrained wp-block-group-is-layout-constrained\">\n<div class=\"wp-block-columns alignwide is-layout-flex wp-container-core-columns-is-layout-28f84493 wp-block-columns-is-layout-flex\">\n<div class=\"wp-block-column is-layout-flow wp-block-column-is-layout-flow\" style=\"flex-basis:100%\">\n<div class=\"wp-block-group is-vertical is-layout-flex wp-container-core-group-is-layout-fe9cc265 wp-block-group-is-layout-flex\">\n<p class=\"wp-container-content-cf2db169\">Das <strong>Metaskills4TCLF-Projekt<\/strong> hat offiziell seine \u201eTrain the Trainers\u201c-Workshop-Reihe gestartet \u2013 mit einem dreit\u00e4gigen, praxisnahen Event in <strong>Pirmasens<\/strong>, ausgerichtet vom <strong>PFI<\/strong>. Insgesamt nahmen 27 Teilnehmende aus 14 Partnerorganisationen aus 8 L\u00e4ndern teil. Der Workshop markierte einen wichtigen Meilenstein bei der Vorbereitung von Lehrkr\u00e4ften auf die Pilotierung der gemeinsam entwickelten, innovativen Lernwerkzeuge des Projekts.<\/p>\n\n\n\n<p class=\"wp-container-content-cf2db169\">Die Initiative <strong>Metaskills4TCLF<\/strong> zielt darauf ab, die Ausbildung in den <strong>TCLF-Sektoren<\/strong> (Textilien, Bekleidung, Leder und Schuhe) zu transformieren. Hierzu werden 36 <strong>Mikro-Zertifikate<\/strong>, eine umfassende <strong>E-Learning-Plattform<\/strong> sowie immersive <strong>VR (Virtual Reality) &#8211; und AR (Argumente Reality)-Lernwerkzeuge<\/strong> entwickelt. Ziel ist es, Lehrkr\u00e4fte und Trainer mit den F\u00e4higkeiten auszustatten, die sie ben\u00f6tigen, um aktuellen und zuk\u00fcnftigen Herausforderungen in den <strong>TCLF-Sektoren<\/strong> &nbsp;zu begegnen \u2013 und dabei <strong>Innovation, Nachhaltigkeit und digitale Kompetenzen<\/strong> zu f\u00f6rdern.<\/p>\n\n\n\n<div class=\"wp-block-group is-nowrap is-layout-flex wp-container-core-group-is-layout-6c531013 wp-block-group-is-layout-flex\">\n<figure class=\"wp-block-image size-medium\"><img loading=\"lazy\" decoding=\"async\" width=\"225\" height=\"300\" src=\"https:\/\/pfi-germany.de\/wp-content\/uploads\/2025\/11\/IMG_3971-225x300.jpeg\" alt=\"\" class=\"wp-image-15145\" srcset=\"https:\/\/pfi-germany.de\/wp-content\/uploads\/2025\/11\/IMG_3971-225x300.jpeg 225w, https:\/\/pfi-germany.de\/wp-content\/uploads\/2025\/11\/IMG_3971-768x1024.jpeg 768w, https:\/\/pfi-germany.de\/wp-content\/uploads\/2025\/11\/IMG_3971-50x67.jpeg 50w, https:\/\/pfi-germany.de\/wp-content\/uploads\/2025\/11\/IMG_3971-1600x2133.jpeg 1600w, https:\/\/pfi-germany.de\/wp-content\/uploads\/2025\/11\/IMG_3971-1152x1536.jpeg 1152w, https:\/\/pfi-germany.de\/wp-content\/uploads\/2025\/11\/IMG_3971-1536x2048.jpeg 1536w, https:\/\/pfi-germany.de\/wp-content\/uploads\/2025\/11\/IMG_3971-9x12.jpeg 9w, https:\/\/pfi-germany.de\/wp-content\/uploads\/2025\/11\/IMG_3971-scaled.jpeg 1920w\" sizes=\"auto, (max-width: 225px) 100vw, 225px\" \/><\/figure>\n\n\n\n<figure class=\"wp-block-image size-medium\"><img loading=\"lazy\" decoding=\"async\" width=\"225\" height=\"300\" src=\"https:\/\/pfi-germany.de\/wp-content\/uploads\/2025\/11\/IMG_3968-225x300.jpeg\" alt=\"\" class=\"wp-image-15146\" srcset=\"https:\/\/pfi-germany.de\/wp-content\/uploads\/2025\/11\/IMG_3968-225x300.jpeg 225w, https:\/\/pfi-germany.de\/wp-content\/uploads\/2025\/11\/IMG_3968-768x1024.jpeg 768w, https:\/\/pfi-germany.de\/wp-content\/uploads\/2025\/11\/IMG_3968-50x67.jpeg 50w, https:\/\/pfi-germany.de\/wp-content\/uploads\/2025\/11\/IMG_3968-1600x2133.jpeg 1600w, https:\/\/pfi-germany.de\/wp-content\/uploads\/2025\/11\/IMG_3968-1152x1536.jpeg 1152w, https:\/\/pfi-germany.de\/wp-content\/uploads\/2025\/11\/IMG_3968-1536x2048.jpeg 1536w, https:\/\/pfi-germany.de\/wp-content\/uploads\/2025\/11\/IMG_3968-9x12.jpeg 9w, https:\/\/pfi-germany.de\/wp-content\/uploads\/2025\/11\/IMG_3968-scaled.jpeg 1920w\" sizes=\"auto, (max-width: 225px) 100vw, 225px\" \/><\/figure>\n<\/div>\n\n\n\n<h2 class=\"wp-block-heading has-white-color has-custom-pfi-farbverlauf-gradient-background has-text-color has-background\" style=\"border-radius:10px;padding-top:0.5rem;padding-right:var(--wp--preset--spacing--20);padding-bottom:0.5rem;padding-left:var(--wp--preset--spacing--20);font-size:clamp(0.875rem, 0.875rem + ((1vw - 0.2rem) * 0.375), 1.1rem);\"><strong><strong><strong>Inhalte und Aktivit\u00e4ten des Workshops<\/strong><\/strong><\/strong><\/h2>\n\n\n\n<p class=\"wp-container-content-cf2db169\">Der erste \u201eTrain the Trainers\u201c-Workshop hatte zum Ziel, die Teilnehmenden nicht nur auf die Pilotphase vorzubereiten, sondern auch den <strong>gegenseitigen Austausch und die Zusammenarbeit<\/strong> unter den Experten zu f\u00f6rdern. Da alle Partner sowohl an der Entwicklung der Materialien als auch am Pilotprozess beteiligt sind, dient die Workshop-Reihe als <strong>Plattform zur gemeinsamen Weiterentwicklung<\/strong>: Trainer lernen voneinander, tauschen bew\u00e4hrte Methoden aus und optimieren gemeinsam die Projektergebnisse.<\/p>\n\n\n\n<p><strong>Tag 1<\/strong> begann mit einer Projekt\u00fcbersicht, Pr\u00e4sentationen zu den Mikro-Zertifikaten, den digitalen Tools (AR, VR, E-Learning-Plattform) sowie dem Ablauf von Pilotierung und Validierung. Zwei Fokusgruppen setzten sich mit der Validierung der Mikro-Zertifikaten aus Trainer- und Lernersicht auseinander, wobei die <strong>EQF-Kriterien<\/strong> (Europ\u00e4ischer Qualifikationsrahmen) f\u00fcr Qualit\u00e4t und Relevanz herangezogen wurden.<\/p>\n\n\n\n<p><strong>Tag 2<\/strong> stand im Zeichen von <strong>Design Thinking<\/strong> (DT) als Methode der Lehrplanentwicklung. Die Teilnehmenden wurden in die Anwendung von Design Thinking Toolkits eingef\u00fchrt und setzten ausgew\u00e4hlte DT-Werkzeuge ein, um konkrete Vorbereitungsbedarfe von Trainerinnen und Trainern f\u00fcr die Pilotierung zu ermitteln. Der Tag endete mit der Validierung der Methodik und einem Fokus auf das Mikro-Zertifikat<strong> \u201eDesign Thinking for Circular Fashion\u201c<\/strong>.<\/p>\n\n\n\n<p class=\"wp-container-content-cf2db169\"><strong>Tag 3<\/strong> widmete sich <strong>Storytelling<\/strong> als kreativer Ansatz f\u00fcr die Lehrplanentwicklung. Die Teilnehmenden erkundeten, wie Lehrpl\u00e4ne, Mikro-Zertifikate, VR-Tools und Assessment-Methoden zu <strong>umfassenden Lernerfahrungen<\/strong> verkn\u00fcpft werden k\u00f6nnen. In praktischen Gruppenarbeiten entwickelten sie Konzepte zu ausgew\u00e4hlten Mikro-Zertifikaten, pr\u00e4sentierten ihre Ideen und hielten die Ergebnisse zur weiteren Projektarbeit fest. Abgeschlossen wurde der Tag mit einer <strong>Qualit\u00e4tsbewertung, Feedbackrunde<\/strong> und einem Besuch im <strong>Physiklabor des PFI<\/strong>.<\/p>\n\n\n\n<div class=\"wp-block-group is-nowrap is-layout-flex wp-container-core-group-is-layout-6c531013 wp-block-group-is-layout-flex\">\n<figure class=\"wp-block-image size-medium\"><img loading=\"lazy\" decoding=\"async\" width=\"300\" height=\"225\" src=\"https:\/\/pfi-germany.de\/wp-content\/uploads\/2025\/11\/IMG_3833-300x225.jpeg\" alt=\"\" class=\"wp-image-15148\" srcset=\"https:\/\/pfi-germany.de\/wp-content\/uploads\/2025\/11\/IMG_3833-300x225.jpeg 300w, https:\/\/pfi-germany.de\/wp-content\/uploads\/2025\/11\/IMG_3833-1024x768.jpeg 1024w, https:\/\/pfi-germany.de\/wp-content\/uploads\/2025\/11\/IMG_3833-768x576.jpeg 768w, https:\/\/pfi-germany.de\/wp-content\/uploads\/2025\/11\/IMG_3833-50x38.jpeg 50w, https:\/\/pfi-germany.de\/wp-content\/uploads\/2025\/11\/IMG_3833-1600x1200.jpeg 1600w, https:\/\/pfi-germany.de\/wp-content\/uploads\/2025\/11\/IMG_3833-1536x1152.jpeg 1536w, https:\/\/pfi-germany.de\/wp-content\/uploads\/2025\/11\/IMG_3833-2048x1536.jpeg 2048w, https:\/\/pfi-germany.de\/wp-content\/uploads\/2025\/11\/IMG_3833-16x12.jpeg 16w\" sizes=\"auto, (max-width: 300px) 100vw, 300px\" \/><\/figure>\n\n\n\n<figure class=\"wp-block-image size-medium\"><img loading=\"lazy\" decoding=\"async\" width=\"225\" height=\"300\" src=\"https:\/\/pfi-germany.de\/wp-content\/uploads\/2025\/11\/IMG_3941-225x300.jpeg\" alt=\"\" class=\"wp-image-15149\" style=\"aspect-ratio:1;object-fit:cover\" srcset=\"https:\/\/pfi-germany.de\/wp-content\/uploads\/2025\/11\/IMG_3941-225x300.jpeg 225w, https:\/\/pfi-germany.de\/wp-content\/uploads\/2025\/11\/IMG_3941-768x1024.jpeg 768w, https:\/\/pfi-germany.de\/wp-content\/uploads\/2025\/11\/IMG_3941-50x67.jpeg 50w, https:\/\/pfi-germany.de\/wp-content\/uploads\/2025\/11\/IMG_3941-1600x2133.jpeg 1600w, https:\/\/pfi-germany.de\/wp-content\/uploads\/2025\/11\/IMG_3941-1152x1536.jpeg 1152w, https:\/\/pfi-germany.de\/wp-content\/uploads\/2025\/11\/IMG_3941-1536x2048.jpeg 1536w, https:\/\/pfi-germany.de\/wp-content\/uploads\/2025\/11\/IMG_3941-9x12.jpeg 9w, https:\/\/pfi-germany.de\/wp-content\/uploads\/2025\/11\/IMG_3941-scaled.jpeg 1920w\" sizes=\"auto, (max-width: 225px) 100vw, 225px\" \/><\/figure>\n\n\n\n<figure class=\"wp-block-image size-medium\"><img loading=\"lazy\" decoding=\"async\" width=\"300\" height=\"225\" src=\"https:\/\/pfi-germany.de\/wp-content\/uploads\/2025\/11\/IMG_3834-300x225.jpeg\" alt=\"\" class=\"wp-image-15151\" style=\"object-fit:cover\" srcset=\"https:\/\/pfi-germany.de\/wp-content\/uploads\/2025\/11\/IMG_3834-300x225.jpeg 300w, https:\/\/pfi-germany.de\/wp-content\/uploads\/2025\/11\/IMG_3834-1024x768.jpeg 1024w, https:\/\/pfi-germany.de\/wp-content\/uploads\/2025\/11\/IMG_3834-768x576.jpeg 768w, https:\/\/pfi-germany.de\/wp-content\/uploads\/2025\/11\/IMG_3834-50x38.jpeg 50w, https:\/\/pfi-germany.de\/wp-content\/uploads\/2025\/11\/IMG_3834-1600x1200.jpeg 1600w, https:\/\/pfi-germany.de\/wp-content\/uploads\/2025\/11\/IMG_3834-1536x1152.jpeg 1536w, https:\/\/pfi-germany.de\/wp-content\/uploads\/2025\/11\/IMG_3834-2048x1536.jpeg 2048w, https:\/\/pfi-germany.de\/wp-content\/uploads\/2025\/11\/IMG_3834-16x12.jpeg 16w\" sizes=\"auto, (max-width: 300px) 100vw, 300px\" \/><\/figure>\n\n\n\n<figure class=\"wp-block-image size-medium\"><img loading=\"lazy\" decoding=\"async\" width=\"300\" height=\"225\" src=\"https:\/\/pfi-germany.de\/wp-content\/uploads\/2025\/11\/IMG_3956-300x225.jpeg\" alt=\"\" class=\"wp-image-15150\" style=\"object-fit:cover\" srcset=\"https:\/\/pfi-germany.de\/wp-content\/uploads\/2025\/11\/IMG_3956-300x225.jpeg 300w, https:\/\/pfi-germany.de\/wp-content\/uploads\/2025\/11\/IMG_3956-1024x768.jpeg 1024w, https:\/\/pfi-germany.de\/wp-content\/uploads\/2025\/11\/IMG_3956-768x576.jpeg 768w, https:\/\/pfi-germany.de\/wp-content\/uploads\/2025\/11\/IMG_3956-50x38.jpeg 50w, https:\/\/pfi-germany.de\/wp-content\/uploads\/2025\/11\/IMG_3956-1600x1200.jpeg 1600w, https:\/\/pfi-germany.de\/wp-content\/uploads\/2025\/11\/IMG_3956-1536x1152.jpeg 1536w, https:\/\/pfi-germany.de\/wp-content\/uploads\/2025\/11\/IMG_3956-2048x1536.jpeg 2048w, https:\/\/pfi-germany.de\/wp-content\/uploads\/2025\/11\/IMG_3956-16x12.jpeg 16w\" sizes=\"auto, (max-width: 300px) 100vw, 300px\" \/><\/figure>\n<\/div>\n\n\n\n<h2 class=\"wp-block-heading has-white-color has-custom-pfi-farbverlauf-gradient-background has-text-color has-background\" style=\"border-radius:10px;padding-top:0.5rem;padding-right:var(--wp--preset--spacing--20);padding-bottom:0.5rem;padding-left:var(--wp--preset--spacing--20);font-size:clamp(0.875rem, 0.875rem + ((1vw - 0.2rem) * 0.375), 1.1rem);\"><strong><strong><strong>Ergebnisse und Reflexionen<\/strong><\/strong><\/strong><\/h2>\n\n\n\n<p class=\"wp-container-content-cf2db169\">Die Teilnehmenden engagierten sich aktiv in kreativen und kollaborativen \u00dcbungen \u2013 von der Arbeit mit dem Design Thinking Toolkit bis hin zur Lehrplanentwicklung auf Basis von Storytelling \u2013 und setzten Theorie direkt in die Praxis um. Der Workshop schuf eine <strong>inspirierende, innovative und kooperative Atmosph\u00e4re<\/strong>, die das Ziel des Projekts unterst\u00fctzte: Lehrkr\u00e4fte in die Lage zu versetzen, die Zukunft der TCLF- Sektoren gemeinsam zu gestalten.<\/p>\n\n\n\n<p>Zur Dokumentation der Reflexionen wurde das <strong>Design Thinking Empathy Map Tool<\/strong> eingesetzt. Viele Teilnehmende berichteten, dass sie inspiriert und motiviert seien, die bereitgestellten Materialien weiter zu erkunden, und sch\u00e4tzten die Gelegenheit, von den Erfahrungen ihrer Kollegen zu lernen. Zwar konnten nicht alle Themen innerhalb der drei Tage vertieft behandelt werden, dennoch legte der Workshop ein <strong>starkes Fundament f\u00fcr zuk\u00fcnftiges Lernen und Zusammenarbeit<\/strong>.fordernden Bedingungen \u2013 wie dem Beh\u00e4lterdurchmesser von 43 m und hohen Windlasten \u2013 konnte das Dach erfolgreich umgesetzt werden.<\/p>\n\n\n\n<h2 class=\"wp-block-heading has-white-color has-custom-pfi-farbverlauf-gradient-background has-text-color has-background\" style=\"border-radius:10px;padding-top:0.5rem;padding-right:var(--wp--preset--spacing--20);padding-bottom:0.5rem;padding-left:var(--wp--preset--spacing--20);font-size:clamp(0.875rem, 0.875rem + ((1vw - 0.2rem) * 0.375), 1.1rem);\"><strong><strong><strong>Ausblick<\/strong><\/strong><\/strong><\/h2>\n\n\n\n<p>Die Workshopreihe wird im Januar im spanischen Igualada fortgesetzt. Der zweite Workshop kn\u00fcpft dabei an die in Pirmasens gewonnenen Erkenntnisse an und mit noch st\u00e4rkerem <strong>Schwerpunkt auf die praktische Anwendung der Projektressourcen und p\u00e4dagogischen Werkzeuge<\/strong> \u2013 insbesondere der E-Learning-Plattform und ihrer Inhalte.<\/p>\n\n\n\n<p>Bleiben Sie gespannt, wie die <strong>Metaskills4TCLF-Workshopreihe<\/strong> die Zukunft der TCLF Sektoren in Europa pr\u00e4gt \u2013 <strong>kreativ, nachhaltig und innovativ<\/strong>.<\/p>\n\n\n\n<div class=\"wp-block-group is-nowrap is-layout-flex wp-container-core-group-is-layout-6c531013 wp-block-group-is-layout-flex\">\n<figure class=\"wp-block-image size-large\"><img loading=\"lazy\" decoding=\"async\" width=\"1024\" height=\"768\" src=\"https:\/\/pfi-germany.de\/wp-content\/uploads\/2025\/11\/IMG_3812-1024x768.jpeg\" alt=\"\" class=\"wp-image-15156\" style=\"aspect-ratio:16\/9;object-fit:cover\" srcset=\"https:\/\/pfi-germany.de\/wp-content\/uploads\/2025\/11\/IMG_3812-1024x768.jpeg 1024w, https:\/\/pfi-germany.de\/wp-content\/uploads\/2025\/11\/IMG_3812-300x225.jpeg 300w, https:\/\/pfi-germany.de\/wp-content\/uploads\/2025\/11\/IMG_3812-768x576.jpeg 768w, https:\/\/pfi-germany.de\/wp-content\/uploads\/2025\/11\/IMG_3812-50x38.jpeg 50w, https:\/\/pfi-germany.de\/wp-content\/uploads\/2025\/11\/IMG_3812-1600x1200.jpeg 1600w, https:\/\/pfi-germany.de\/wp-content\/uploads\/2025\/11\/IMG_3812-1536x1152.jpeg 1536w, https:\/\/pfi-germany.de\/wp-content\/uploads\/2025\/11\/IMG_3812-2048x1536.jpeg 2048w, https:\/\/pfi-germany.de\/wp-content\/uploads\/2025\/11\/IMG_3812-16x12.jpeg 16w\" sizes=\"auto, (max-width: 1024px) 100vw, 1024px\" \/><\/figure>\n<\/div>\n\n\n\n<h2 class=\"wp-block-heading has-white-color has-custom-pfi-farbverlauf-gradient-background has-text-color has-background\" style=\"border-radius:10px;padding-top:0.5rem;padding-right:var(--wp--preset--spacing--20);padding-bottom:0.5rem;padding-left:var(--wp--preset--spacing--20);font-size:clamp(0.875rem, 0.875rem + ((1vw - 0.2rem) * 0.375), 1.1rem);\"><strong><strong><strong>Sie Interessieren sich f\u00fcr das Projekt oder haben Fragen? <\/strong><\/strong><\/strong><\/h2>\n\n\n\n<p>Kontaktieren Sie uns gerne oder besuchen Sie die Projektwebsite!<\/p>\n\n\n\n<div class=\"wp-block-group is-nowrap is-layout-flex wp-container-core-group-is-layout-6c531013 wp-block-group-is-layout-flex\">\n<div class=\"wp-block-buttons is-layout-flex wp-block-buttons-is-layout-flex\">\n<div class=\"wp-block-button\"><a class=\"wp-block-button__link has-white-color has-pfi-blue-background-color has-text-color has-background has-link-color wp-element-button\" href=\"https:\/\/www.metaskills4tclf.eu\/?lang=de\" target=\"_blank\" rel=\"noreferrer noopener\">Projektwebsite<\/a><\/div>\n<\/div>\n\n\n\n<figure class=\"wp-block-image size-medium\"><a href=\"https:\/\/www.erasmusplus.de\/\"><img loading=\"lazy\" decoding=\"async\" width=\"300\" height=\"67\" src=\"https:\/\/pfi-germany.de\/wp-content\/uploads\/2025\/08\/EN_Co-fundedbytheEU_RGB_POS-300x67.png\" alt=\"\" class=\"wp-image-6956\" style=\"object-fit:cover\" srcset=\"https:\/\/pfi-germany.de\/wp-content\/uploads\/2025\/08\/EN_Co-fundedbytheEU_RGB_POS-300x67.png 300w, https:\/\/pfi-germany.de\/wp-content\/uploads\/2025\/08\/EN_Co-fundedbytheEU_RGB_POS-1024x228.png 1024w, https:\/\/pfi-germany.de\/wp-content\/uploads\/2025\/08\/EN_Co-fundedbytheEU_RGB_POS-768x171.png 768w, https:\/\/pfi-germany.de\/wp-content\/uploads\/2025\/08\/EN_Co-fundedbytheEU_RGB_POS-50x11.png 50w, https:\/\/pfi-germany.de\/wp-content\/uploads\/2025\/08\/EN_Co-fundedbytheEU_RGB_POS-1600x357.png 1600w, https:\/\/pfi-germany.de\/wp-content\/uploads\/2025\/08\/EN_Co-fundedbytheEU_RGB_POS-1536x343.png 1536w, https:\/\/pfi-germany.de\/wp-content\/uploads\/2025\/08\/EN_Co-fundedbytheEU_RGB_POS-2048x457.png 2048w, https:\/\/pfi-germany.de\/wp-content\/uploads\/2025\/08\/EN_Co-fundedbytheEU_RGB_POS-18x4.png 18w\" sizes=\"auto, (max-width: 300px) 100vw, 300px\" \/><\/a><\/figure>\n<\/div>\n\n\n\n<div class=\"wp-block-group alignwide is-layout-flow wp-block-group-is-layout-flow\" style=\"padding-top:0;padding-right:var(--wp--preset--spacing--40);padding-bottom:var(--wp--preset--spacing--40);padding-left:0\">\n<h2 class=\"wp-block-heading has-pfi-blue-color has-text-color has-link-color wp-elements-ce453dea81844d43c802cbde343325b4\">Ihr Ansprechpartner:<\/h2>\n\n\n\n<div class=\"wp-block-group alignwide is-content-justification-center is-nowrap is-layout-flex wp-container-core-group-is-layout-3c8805c5 wp-block-group-is-layout-flex\">\n<div class=\"wp-block-group alignwide has-global-padding is-content-justification-center is-layout-constrained wp-block-group-is-layout-constrained\">\n<div class=\"wp-block-columns are-vertically-aligned-center is-layout-flex wp-container-core-columns-is-layout-59e203da wp-block-columns-is-layout-flex\" style=\"padding-right:0;padding-left:0\">\n<div class=\"wp-block-column is-vertically-aligned-center has-pfi-grey-background-color has-background is-layout-flow wp-block-column-is-layout-flow\" style=\"border-radius:20px;padding-top:var(--wp--preset--spacing--10);padding-right:var(--wp--preset--spacing--20);padding-bottom:var(--wp--preset--spacing--10);padding-left:var(--wp--preset--spacing--20);flex-basis:100%\">\n<div class=\"wp-block-group is-vertical is-content-justification-center is-layout-flex wp-container-core-group-is-layout-f2d29298 wp-block-group-is-layout-flex\" style=\"padding-top:var(--wp--preset--spacing--20);padding-right:0;padding-bottom:var(--wp--preset--spacing--20);padding-left:0\">\n<figure class=\"wp-block-image size-full is-resized has-custom-border\"><img loading=\"lazy\" decoding=\"async\" width=\"512\" height=\"639\" src=\"https:\/\/pfi-germany.de\/wp-content\/uploads\/2025\/05\/Portrait-Tatjana-Hubel-edited-1.png\" alt=\"\" class=\"wp-image-5721\" style=\"border-radius:10px;aspect-ratio:3\/4;object-fit:cover;width:146px;height:auto\" srcset=\"https:\/\/pfi-germany.de\/wp-content\/uploads\/2025\/05\/Portrait-Tatjana-Hubel-edited-1.png 512w, https:\/\/pfi-germany.de\/wp-content\/uploads\/2025\/05\/Portrait-Tatjana-Hubel-edited-1-240x300.png 240w, https:\/\/pfi-germany.de\/wp-content\/uploads\/2025\/05\/Portrait-Tatjana-Hubel-edited-1-50x62.png 50w, https:\/\/pfi-germany.de\/wp-content\/uploads\/2025\/05\/Portrait-Tatjana-Hubel-edited-1-10x12.png 10w\" sizes=\"auto, (max-width: 512px) 100vw, 512px\" \/><\/figure>\n\n\n\n<div class=\"wp-block-group is-vertical is-content-justification-center is-layout-flex wp-container-core-group-is-layout-3b2b917d wp-block-group-is-layout-flex\">\n<h3 class=\"wp-block-heading has-text-align-center has-pfi-blue-color has-text-color has-link-color wp-elements-3e06f12f76a40febd7fc7c663d4962d7\" style=\"font-size:clamp(0.984rem, 0.984rem + ((1vw - 0.2rem) * 0.86), 1.5rem);\"><strong><strong><strong><strong>Dr. Tatjana Hubel<\/strong><\/strong><\/strong><\/strong><\/h3>\n\n\n\n<div class=\"wp-block-group is-vertical is-content-justification-center is-layout-flex wp-container-core-group-is-layout-d60e23ab wp-block-group-is-layout-flex\" style=\"margin-top:0;margin-bottom:0\">\n<p class=\"has-text-align-center\"><strong>ISC <\/strong><\/p>\n\n\n\n<p class=\"has-text-align-center\">Schulung &amp; Forschung<\/p>\n<\/div>\n\n\n\n<div class=\"wp-block-group is-vertical is-layout-flex wp-container-core-group-is-layout-fe9cc265 wp-block-group-is-layout-flex\">\n<div class=\"wp-block-buttons has-custom-font-size has-white-background-color has-background has-link-color has-small-font-size wp-elements-581489447e28c86634e668a97180ad75 is-layout-flex wp-block-buttons-is-layout-flex\" style=\"border-radius:10px;font-style:normal;font-weight:1000\">\n<div class=\"wp-block-button\"><a class=\"wp-block-button__link has-pfi-blue-color has-white-background-color has-text-color has-background has-link-color has-small-font-size has-custom-font-size wp-element-button\" href=\"tel:+4963312490971\" style=\"border-radius:10px;font-style:normal;font-weight:1000\" target=\"_blank\" rel=\"noreferrer noopener\">\ud83d\udcde +49 6331 2490 971<\/a><\/div>\n<\/div>\n<\/div>\n\n\n\n<div class=\"wp-block-group is-vertical is-layout-flex wp-container-core-group-is-layout-fe9cc265 wp-block-group-is-layout-flex\">\n<div class=\"wp-block-buttons has-custom-font-size has-white-background-color has-background has-link-color has-small-font-size wp-elements-68306adb909ff312619a901cce725d9b is-layout-flex wp-block-buttons-is-layout-flex\" style=\"border-radius:10px;font-style:normal;font-weight:1000\">\n<div class=\"wp-block-button\"><a class=\"wp-block-button__link has-pfi-blue-color has-white-background-color has-text-color has-background has-link-color has-small-font-size has-custom-font-size wp-element-button\" href=\"mailto:tatjana.hubel@isc-germany.com\" style=\"border-radius:10px;font-style:normal;font-weight:1000\" target=\"_blank\" rel=\"noreferrer noopener\">\u2709\ufe0f  E-Mail schreiben <\/a><\/div>\n<\/div>\n<\/div>\n<\/div>\n<\/div>\n<\/div>\n<\/div>\n<\/div>\n<\/div>\n<\/div>\n<\/div>\n<\/div>\n<\/div>\n<\/div>\n\n\n\n<div class=\"wp-block-group is-layout-flow wp-block-group-is-layout-flow\" style=\"padding-right:0;padding-left:0\">\n<div class=\"wp-block-group alignfull is-content-justification-center is-nowrap is-layout-flex wp-container-core-group-is-layout-023ea1b8 wp-block-group-is-layout-flex\" style=\"margin-top:0;margin-bottom:0;padding-top:var(--wp--preset--spacing--20);padding-bottom:var(--wp--preset--spacing--20)\">\n<div class=\"gradient-separator-up\"><\/div>\n<\/div>\n\n\n\n<p class=\"has-text-align-center wp-container-content-0733e5d0\"><strong>Jetzt zum Newsletter anmelden und immer informiert bleiben!<\/strong><\/p>\n\n\n\n<p class=\"has-text-align-center wp-container-content-0733e5d0\">Hat Ihnen unser Blogartikel gefallen? Dann melden Sie sich am besten gleich f\u00fcr unseren Newsletter an! Dieser erscheint quartalsweise und versorgt Sie mit spannenden Einblicken rund um das PFI. Aktuelle Themen rund um Forschung, Entwicklung und Pr\u00fcfung &#8211; bleiben Sie informiert und immer auf dem neuesten Stand!&nbsp;<\/p>\n\n\n\n<div class=\"wp-block-buttons is-content-justification-center is-layout-flex wp-container-core-buttons-is-layout-10860990 wp-block-buttons-is-layout-flex\" style=\"padding-top:var(--wp--preset--spacing--10);padding-bottom:var(--wp--preset--spacing--10)\">\n<div class=\"wp-block-button has-custom-font-size\" style=\"font-size:clamp(0.875rem, 0.875rem + ((1vw - 0.2rem) * 0.708), 1.3rem);\"><a class=\"wp-block-button__link has-white-color has-pfi-blue-background-color has-text-color has-background has-link-color wp-element-button\" href=\"https:\/\/pfi-germany.de\/newsletteranmeldung\/\" style=\"padding-right:var(--wp--preset--spacing--30);padding-left:var(--wp--preset--spacing--30)\">Newsletteranmeldung<\/a><\/div>\n<\/div>\n<\/div>\n","protected":false},"excerpt":{"rendered":"<p>Neues Dach, neue M\u00f6glichkeiten: Unsere Biogasanlage wurde im September 2025 modernisiert. Das Tragluftdach steigert Effizienz, Flexibilit\u00e4t und Nachhaltigkeit \u2013 ein wichtiger Schritt f\u00fcr die Energieversorgung von morgen.<\/p>\n","protected":false},"author":4,"featured_media":15142,"comment_status":"closed","ping_status":"closed","sticky":false,"template":"blog-allgm","format":"standard","meta":{"footnotes":""},"categories":[55,6,9],"tags":[64,73],"class_list":["post-15140","post","type-post","status-publish","format-standard","has-post-thumbnail","hentry","category-pfi-blog","category-forschungsprojekte","category-news","tag-forschung","tag-schulung-aus-und-weiterbildung"],"yoast_head":"<!-- This site is optimized with the Yoast SEO plugin v27.3 - https:\/\/yoast.com\/product\/yoast-seo-wordpress\/ -->\n<title>Erster METASKILLS4TCLF-Workshop erfolgreich in Pirmasens<\/title>\n<meta name=\"description\" content=\"Der erste METASKILLS4TCLF-Workshop \u201eTrain the Trainers\u201c fand in Pirmasens statt \u2013 ein kreativer Auftakt f\u00fcr innovative Bildung in den TCLF-Sektoren.\" \/>\n<meta name=\"robots\" content=\"index, follow, max-snippet:-1, max-image-preview:large, max-video-preview:-1\" \/>\n<link rel=\"canonical\" href=\"https:\/\/pfi-germany.de\/de\/train-the-trainers-workshop-metaskills4tclf\/\" \/>\n<meta property=\"og:locale\" content=\"de_DE\" \/>\n<meta property=\"og:type\" content=\"article\" \/>\n<meta property=\"og:title\" content=\"Erster METASKILLS4TCLF-Workshop erfolgreich in Pirmasens\" \/>\n<meta property=\"og:description\" content=\"Der erste METASKILLS4TCLF-Workshop \u201eTrain the Trainers\u201c fand in Pirmasens statt \u2013 ein kreativer Auftakt f\u00fcr innovative Bildung in den TCLF-Sektoren.\" \/>\n<meta property=\"og:url\" content=\"https:\/\/pfi-germany.de\/de\/train-the-trainers-workshop-metaskills4tclf\/\" \/>\n<meta property=\"og:site_name\" content=\"Pr\u00fcf- und Forschungsinstitut Pirmasens e.V.\" \/>\n<meta property=\"article:publisher\" content=\"https:\/\/www.facebook.com\/people\/Pruef-und-Forschungsinstitut-Pirmasens-e-V\/100057088164342\/\" \/>\n<meta property=\"article:published_time\" content=\"2025-11-07T13:59:15+00:00\" \/>\n<meta property=\"article:modified_time\" content=\"2025-11-07T13:59:16+00:00\" \/>\n<meta property=\"og:image\" content=\"https:\/\/pfi-germany.de\/wp-content\/uploads\/2025\/11\/IMG_3856-scaled.jpeg\" \/>\n\t<meta property=\"og:image:width\" content=\"2560\" \/>\n\t<meta property=\"og:image:height\" content=\"1129\" \/>\n\t<meta property=\"og:image:type\" content=\"image\/jpeg\" \/>\n<meta name=\"author\" content=\"SSchaefer\" \/>\n<meta name=\"twitter:card\" content=\"summary_large_image\" \/>\n<meta name=\"twitter:label1\" content=\"Verfasst von\" \/>\n\t<meta name=\"twitter:data1\" content=\"SSchaefer\" \/>\n\t<meta name=\"twitter:label2\" content=\"Gesch\u00e4tzte Lesezeit\" \/>\n\t<meta name=\"twitter:data2\" content=\"5\u00a0Minuten\" \/>\n<script type=\"application\/ld+json\" class=\"yoast-schema-graph\">{\"@context\":\"https:\\\/\\\/schema.org\",\"@graph\":[{\"@type\":\"Article\",\"@id\":\"https:\\\/\\\/pfi-germany.de\\\/de\\\/train-the-trainers-workshop-metaskills4tclf\\\/#article\",\"isPartOf\":{\"@id\":\"https:\\\/\\\/pfi-germany.de\\\/de\\\/train-the-trainers-workshop-metaskills4tclf\\\/\"},\"author\":{\"name\":\"SSchaefer\",\"@id\":\"https:\\\/\\\/pfi-germany.de\\\/de\\\/#\\\/schema\\\/person\\\/3fdc587dbd4a7441ddae9c5c0a3623f2\"},\"headline\":\"Erster \u201aTrain the Trainers\u2018-Workshop des METASKILLS4TCLF-Projekts erfolgreich in Pirmasens durchgef\u00fchrt\",\"datePublished\":\"2025-11-07T13:59:15+00:00\",\"dateModified\":\"2025-11-07T13:59:16+00:00\",\"mainEntityOfPage\":{\"@id\":\"https:\\\/\\\/pfi-germany.de\\\/de\\\/train-the-trainers-workshop-metaskills4tclf\\\/\"},\"wordCount\":642,\"publisher\":{\"@id\":\"https:\\\/\\\/pfi-germany.de\\\/de\\\/#organization\"},\"image\":{\"@id\":\"https:\\\/\\\/pfi-germany.de\\\/de\\\/train-the-trainers-workshop-metaskills4tclf\\\/#primaryimage\"},\"thumbnailUrl\":\"https:\\\/\\\/pfi-germany.de\\\/wp-content\\\/uploads\\\/2025\\\/11\\\/IMG_3856-scaled.jpeg\",\"keywords\":[\"#forschung\",\"#schulung #aus- und weiterbildung\"],\"articleSection\":[\"Fachwissen &amp; Insights\",\"Forschungsprojekte\",\"News aus dem Institut\"],\"inLanguage\":\"de\"},{\"@type\":\"WebPage\",\"@id\":\"https:\\\/\\\/pfi-germany.de\\\/de\\\/train-the-trainers-workshop-metaskills4tclf\\\/\",\"url\":\"https:\\\/\\\/pfi-germany.de\\\/de\\\/train-the-trainers-workshop-metaskills4tclf\\\/\",\"name\":\"Erster METASKILLS4TCLF-Workshop erfolgreich in Pirmasens\",\"isPartOf\":{\"@id\":\"https:\\\/\\\/pfi-germany.de\\\/de\\\/#website\"},\"primaryImageOfPage\":{\"@id\":\"https:\\\/\\\/pfi-germany.de\\\/de\\\/train-the-trainers-workshop-metaskills4tclf\\\/#primaryimage\"},\"image\":{\"@id\":\"https:\\\/\\\/pfi-germany.de\\\/de\\\/train-the-trainers-workshop-metaskills4tclf\\\/#primaryimage\"},\"thumbnailUrl\":\"https:\\\/\\\/pfi-germany.de\\\/wp-content\\\/uploads\\\/2025\\\/11\\\/IMG_3856-scaled.jpeg\",\"datePublished\":\"2025-11-07T13:59:15+00:00\",\"dateModified\":\"2025-11-07T13:59:16+00:00\",\"description\":\"Der erste METASKILLS4TCLF-Workshop \u201eTrain the Trainers\u201c fand in Pirmasens statt \u2013 ein kreativer Auftakt f\u00fcr innovative Bildung in den TCLF-Sektoren.\",\"breadcrumb\":{\"@id\":\"https:\\\/\\\/pfi-germany.de\\\/de\\\/train-the-trainers-workshop-metaskills4tclf\\\/#breadcrumb\"},\"inLanguage\":\"de\",\"potentialAction\":[{\"@type\":\"ReadAction\",\"target\":[\"https:\\\/\\\/pfi-germany.de\\\/de\\\/train-the-trainers-workshop-metaskills4tclf\\\/\"]}]},{\"@type\":\"ImageObject\",\"inLanguage\":\"de\",\"@id\":\"https:\\\/\\\/pfi-germany.de\\\/de\\\/train-the-trainers-workshop-metaskills4tclf\\\/#primaryimage\",\"url\":\"https:\\\/\\\/pfi-germany.de\\\/wp-content\\\/uploads\\\/2025\\\/11\\\/IMG_3856-scaled.jpeg\",\"contentUrl\":\"https:\\\/\\\/pfi-germany.de\\\/wp-content\\\/uploads\\\/2025\\\/11\\\/IMG_3856-scaled.jpeg\",\"width\":2560,\"height\":1129},{\"@type\":\"BreadcrumbList\",\"@id\":\"https:\\\/\\\/pfi-germany.de\\\/de\\\/train-the-trainers-workshop-metaskills4tclf\\\/#breadcrumb\",\"itemListElement\":[{\"@type\":\"ListItem\",\"position\":1,\"name\":\"Home\",\"item\":\"https:\\\/\\\/pfi-germany.de\\\/\"},{\"@type\":\"ListItem\",\"position\":2,\"name\":\"Erster \u201aTrain the Trainers\u2018-Workshop des METASKILLS4TCLF-Projekts erfolgreich in Pirmasens durchgef\u00fchrt\"}]},{\"@type\":\"WebSite\",\"@id\":\"https:\\\/\\\/pfi-germany.de\\\/de\\\/#website\",\"url\":\"https:\\\/\\\/pfi-germany.de\\\/de\\\/\",\"name\":\"PFI 2024\",\"description\":\"\",\"publisher\":{\"@id\":\"https:\\\/\\\/pfi-germany.de\\\/de\\\/#organization\"},\"potentialAction\":[{\"@type\":\"SearchAction\",\"target\":{\"@type\":\"EntryPoint\",\"urlTemplate\":\"https:\\\/\\\/pfi-germany.de\\\/de\\\/?s={search_term_string}\"},\"query-input\":{\"@type\":\"PropertyValueSpecification\",\"valueRequired\":true,\"valueName\":\"search_term_string\"}}],\"inLanguage\":\"de\"},{\"@type\":\"Organization\",\"@id\":\"https:\\\/\\\/pfi-germany.de\\\/de\\\/#organization\",\"name\":\"PFI 2024\",\"url\":\"https:\\\/\\\/pfi-germany.de\\\/de\\\/\",\"logo\":{\"@type\":\"ImageObject\",\"inLanguage\":\"de\",\"@id\":\"https:\\\/\\\/pfi-germany.de\\\/de\\\/#\\\/schema\\\/logo\\\/image\\\/\",\"url\":\"https:\\\/\\\/pfi-germany.de\\\/wp-content\\\/uploads\\\/2024\\\/09\\\/logo.jpg\",\"contentUrl\":\"https:\\\/\\\/pfi-germany.de\\\/wp-content\\\/uploads\\\/2024\\\/09\\\/logo.jpg\",\"width\":329,\"height\":120,\"caption\":\"PFI 2024\"},\"image\":{\"@id\":\"https:\\\/\\\/pfi-germany.de\\\/de\\\/#\\\/schema\\\/logo\\\/image\\\/\"},\"sameAs\":[\"https:\\\/\\\/www.facebook.com\\\/people\\\/Pruef-und-Forschungsinstitut-Pirmasens-e-V\\\/100057088164342\\\/\",\"https:\\\/\\\/www.instagram.com\\\/pfi_germany\\\/\",\"https:\\\/\\\/www.youtube.com\\\/channel\\\/UCITCYhey0fqJRRjiH7Gw3sg\",\"https:\\\/\\\/de.linkedin.com\\\/company\\\/pfi-germany\"]},{\"@type\":\"Person\",\"@id\":\"https:\\\/\\\/pfi-germany.de\\\/de\\\/#\\\/schema\\\/person\\\/3fdc587dbd4a7441ddae9c5c0a3623f2\",\"name\":\"SSchaefer\",\"image\":{\"@type\":\"ImageObject\",\"inLanguage\":\"de\",\"@id\":\"https:\\\/\\\/secure.gravatar.com\\\/avatar\\\/4cdc792ce8845448b375e79a6ab7c785431420281219e84046192c8133223580?s=96&d=mm&r=g\",\"url\":\"https:\\\/\\\/secure.gravatar.com\\\/avatar\\\/4cdc792ce8845448b375e79a6ab7c785431420281219e84046192c8133223580?s=96&d=mm&r=g\",\"contentUrl\":\"https:\\\/\\\/secure.gravatar.com\\\/avatar\\\/4cdc792ce8845448b375e79a6ab7c785431420281219e84046192c8133223580?s=96&d=mm&r=g\",\"caption\":\"SSchaefer\"},\"url\":\"https:\\\/\\\/pfi-germany.de\\\/de\\\/author\\\/sschaefer\\\/\"}]}<\/script>\n<!-- \/ Yoast SEO plugin. -->","yoast_head_json":{"title":"Erster METASKILLS4TCLF-Workshop erfolgreich in Pirmasens","description":"Der erste METASKILLS4TCLF-Workshop \u201eTrain the Trainers\u201c fand in Pirmasens statt \u2013 ein kreativer Auftakt f\u00fcr innovative Bildung in den TCLF-Sektoren.","robots":{"index":"index","follow":"follow","max-snippet":"max-snippet:-1","max-image-preview":"max-image-preview:large","max-video-preview":"max-video-preview:-1"},"canonical":"https:\/\/pfi-germany.de\/de\/train-the-trainers-workshop-metaskills4tclf\/","og_locale":"de_DE","og_type":"article","og_title":"Erster METASKILLS4TCLF-Workshop erfolgreich in Pirmasens","og_description":"Der erste METASKILLS4TCLF-Workshop \u201eTrain the Trainers\u201c fand in Pirmasens statt \u2013 ein kreativer Auftakt f\u00fcr innovative Bildung in den TCLF-Sektoren.","og_url":"https:\/\/pfi-germany.de\/de\/train-the-trainers-workshop-metaskills4tclf\/","og_site_name":"Pr\u00fcf- und Forschungsinstitut Pirmasens e.V.","article_publisher":"https:\/\/www.facebook.com\/people\/Pruef-und-Forschungsinstitut-Pirmasens-e-V\/100057088164342\/","article_published_time":"2025-11-07T13:59:15+00:00","article_modified_time":"2025-11-07T13:59:16+00:00","og_image":[{"width":2560,"height":1129,"url":"https:\/\/pfi-germany.de\/wp-content\/uploads\/2025\/11\/IMG_3856-scaled.jpeg","type":"image\/jpeg"}],"author":"SSchaefer","twitter_card":"summary_large_image","twitter_misc":{"Verfasst von":"SSchaefer","Gesch\u00e4tzte Lesezeit":"5\u00a0Minuten"},"schema":{"@context":"https:\/\/schema.org","@graph":[{"@type":"Article","@id":"https:\/\/pfi-germany.de\/de\/train-the-trainers-workshop-metaskills4tclf\/#article","isPartOf":{"@id":"https:\/\/pfi-germany.de\/de\/train-the-trainers-workshop-metaskills4tclf\/"},"author":{"name":"SSchaefer","@id":"https:\/\/pfi-germany.de\/de\/#\/schema\/person\/3fdc587dbd4a7441ddae9c5c0a3623f2"},"headline":"Erster \u201aTrain the Trainers\u2018-Workshop des METASKILLS4TCLF-Projekts erfolgreich in Pirmasens durchgef\u00fchrt","datePublished":"2025-11-07T13:59:15+00:00","dateModified":"2025-11-07T13:59:16+00:00","mainEntityOfPage":{"@id":"https:\/\/pfi-germany.de\/de\/train-the-trainers-workshop-metaskills4tclf\/"},"wordCount":642,"publisher":{"@id":"https:\/\/pfi-germany.de\/de\/#organization"},"image":{"@id":"https:\/\/pfi-germany.de\/de\/train-the-trainers-workshop-metaskills4tclf\/#primaryimage"},"thumbnailUrl":"https:\/\/pfi-germany.de\/wp-content\/uploads\/2025\/11\/IMG_3856-scaled.jpeg","keywords":["#forschung","#schulung #aus- und weiterbildung"],"articleSection":["Fachwissen &amp; Insights","Forschungsprojekte","News aus dem Institut"],"inLanguage":"de"},{"@type":"WebPage","@id":"https:\/\/pfi-germany.de\/de\/train-the-trainers-workshop-metaskills4tclf\/","url":"https:\/\/pfi-germany.de\/de\/train-the-trainers-workshop-metaskills4tclf\/","name":"Erster METASKILLS4TCLF-Workshop erfolgreich in Pirmasens","isPartOf":{"@id":"https:\/\/pfi-germany.de\/de\/#website"},"primaryImageOfPage":{"@id":"https:\/\/pfi-germany.de\/de\/train-the-trainers-workshop-metaskills4tclf\/#primaryimage"},"image":{"@id":"https:\/\/pfi-germany.de\/de\/train-the-trainers-workshop-metaskills4tclf\/#primaryimage"},"thumbnailUrl":"https:\/\/pfi-germany.de\/wp-content\/uploads\/2025\/11\/IMG_3856-scaled.jpeg","datePublished":"2025-11-07T13:59:15+00:00","dateModified":"2025-11-07T13:59:16+00:00","description":"Der erste METASKILLS4TCLF-Workshop \u201eTrain the Trainers\u201c fand in Pirmasens statt \u2013 ein kreativer Auftakt f\u00fcr innovative Bildung in den TCLF-Sektoren.","breadcrumb":{"@id":"https:\/\/pfi-germany.de\/de\/train-the-trainers-workshop-metaskills4tclf\/#breadcrumb"},"inLanguage":"de","potentialAction":[{"@type":"ReadAction","target":["https:\/\/pfi-germany.de\/de\/train-the-trainers-workshop-metaskills4tclf\/"]}]},{"@type":"ImageObject","inLanguage":"de","@id":"https:\/\/pfi-germany.de\/de\/train-the-trainers-workshop-metaskills4tclf\/#primaryimage","url":"https:\/\/pfi-germany.de\/wp-content\/uploads\/2025\/11\/IMG_3856-scaled.jpeg","contentUrl":"https:\/\/pfi-germany.de\/wp-content\/uploads\/2025\/11\/IMG_3856-scaled.jpeg","width":2560,"height":1129},{"@type":"BreadcrumbList","@id":"https:\/\/pfi-germany.de\/de\/train-the-trainers-workshop-metaskills4tclf\/#breadcrumb","itemListElement":[{"@type":"ListItem","position":1,"name":"Home","item":"https:\/\/pfi-germany.de\/"},{"@type":"ListItem","position":2,"name":"Erster \u201aTrain the Trainers\u2018-Workshop des METASKILLS4TCLF-Projekts erfolgreich in Pirmasens durchgef\u00fchrt"}]},{"@type":"WebSite","@id":"https:\/\/pfi-germany.de\/de\/#website","url":"https:\/\/pfi-germany.de\/de\/","name":"PFI 2024","description":"","publisher":{"@id":"https:\/\/pfi-germany.de\/de\/#organization"},"potentialAction":[{"@type":"SearchAction","target":{"@type":"EntryPoint","urlTemplate":"https:\/\/pfi-germany.de\/de\/?s={search_term_string}"},"query-input":{"@type":"PropertyValueSpecification","valueRequired":true,"valueName":"search_term_string"}}],"inLanguage":"de"},{"@type":"Organization","@id":"https:\/\/pfi-germany.de\/de\/#organization","name":"PFI 2024","url":"https:\/\/pfi-germany.de\/de\/","logo":{"@type":"ImageObject","inLanguage":"de","@id":"https:\/\/pfi-germany.de\/de\/#\/schema\/logo\/image\/","url":"https:\/\/pfi-germany.de\/wp-content\/uploads\/2024\/09\/logo.jpg","contentUrl":"https:\/\/pfi-germany.de\/wp-content\/uploads\/2024\/09\/logo.jpg","width":329,"height":120,"caption":"PFI 2024"},"image":{"@id":"https:\/\/pfi-germany.de\/de\/#\/schema\/logo\/image\/"},"sameAs":["https:\/\/www.facebook.com\/people\/Pruef-und-Forschungsinstitut-Pirmasens-e-V\/100057088164342\/","https:\/\/www.instagram.com\/pfi_germany\/","https:\/\/www.youtube.com\/channel\/UCITCYhey0fqJRRjiH7Gw3sg","https:\/\/de.linkedin.com\/company\/pfi-germany"]},{"@type":"Person","@id":"https:\/\/pfi-germany.de\/de\/#\/schema\/person\/3fdc587dbd4a7441ddae9c5c0a3623f2","name":"SSchaefer","image":{"@type":"ImageObject","inLanguage":"de","@id":"https:\/\/secure.gravatar.com\/avatar\/4cdc792ce8845448b375e79a6ab7c785431420281219e84046192c8133223580?s=96&d=mm&r=g","url":"https:\/\/secure.gravatar.com\/avatar\/4cdc792ce8845448b375e79a6ab7c785431420281219e84046192c8133223580?s=96&d=mm&r=g","contentUrl":"https:\/\/secure.gravatar.com\/avatar\/4cdc792ce8845448b375e79a6ab7c785431420281219e84046192c8133223580?s=96&d=mm&r=g","caption":"SSchaefer"},"url":"https:\/\/pfi-germany.de\/de\/author\/sschaefer\/"}]}},"_links":{"self":[{"href":"https:\/\/pfi-germany.de\/de\/wp-json\/wp\/v2\/posts\/15140","targetHints":{"allow":["GET"]}}],"collection":[{"href":"https:\/\/pfi-germany.de\/de\/wp-json\/wp\/v2\/posts"}],"about":[{"href":"https:\/\/pfi-germany.de\/de\/wp-json\/wp\/v2\/types\/post"}],"author":[{"embeddable":true,"href":"https:\/\/pfi-germany.de\/de\/wp-json\/wp\/v2\/users\/4"}],"replies":[{"embeddable":true,"href":"https:\/\/pfi-germany.de\/de\/wp-json\/wp\/v2\/comments?post=15140"}],"version-history":[{"count":4,"href":"https:\/\/pfi-germany.de\/de\/wp-json\/wp\/v2\/posts\/15140\/revisions"}],"predecessor-version":[{"id":15160,"href":"https:\/\/pfi-germany.de\/de\/wp-json\/wp\/v2\/posts\/15140\/revisions\/15160"}],"wp:featuredmedia":[{"embeddable":true,"href":"https:\/\/pfi-germany.de\/de\/wp-json\/wp\/v2\/media\/15142"}],"wp:attachment":[{"href":"https:\/\/pfi-germany.de\/de\/wp-json\/wp\/v2\/media?parent=15140"}],"wp:term":[{"taxonomy":"category","embeddable":true,"href":"https:\/\/pfi-germany.de\/de\/wp-json\/wp\/v2\/categories?post=15140"},{"taxonomy":"post_tag","embeddable":true,"href":"https:\/\/pfi-germany.de\/de\/wp-json\/wp\/v2\/tags?post=15140"}],"curies":[{"name":"wp","href":"https:\/\/api.w.org\/{rel}","templated":true}]}}