{"id":13348,"date":"2025-10-23T13:39:07","date_gmt":"2025-10-23T13:39:07","guid":{"rendered":"https:\/\/pfi-germany.de\/?p=13348"},"modified":"2025-10-23T13:39:07","modified_gmt":"2025-10-23T13:39:07","slug":"update-eco-label-2025","status":"publish","type":"post","link":"https:\/\/pfi-germany.de\/de\/update-eco-label-2025\/","title":{"rendered":"PFI eco-Label 2025: Nachhaltigkeit sichtbar, \u00fcberpr\u00fcfbar und glaubw\u00fcrdig"},"content":{"rendered":"\n<div class=\"wp-block-group has-global-padding is-layout-constrained wp-block-group-is-layout-constrained\">\n<div class=\"wp-block-columns alignwide is-layout-flex wp-container-core-columns-is-layout-28f84493 wp-block-columns-is-layout-flex\">\n<div class=\"wp-block-column is-layout-flow wp-block-column-is-layout-flow\" style=\"flex-basis:100%\">\n<div class=\"wp-block-group is-vertical is-layout-flex wp-container-core-group-is-layout-fe9cc265 wp-block-group-is-layout-flex\">\n<p class=\"wp-container-content-cf2db169\">Nachhaltigkeit ist l\u00e4ngst kein Trend mehr \u2013 sie ist <strong>eine Erwartung von Verbraucherinnen, Verbrauchern und Gesch\u00e4ftspartnern<\/strong>.<\/p>\n\n\n\n<p>Gleichzeitig steigen die Anforderungen an Unternehmen durch <strong>EU-Regelwerke wie CSRD, CSDDD, EUDR, REACH oder GPSR<\/strong>.<\/p>\n\n\n\n<p>Doch wie l\u00e4sst sich glaubw\u00fcrdig zeigen, dass die eigenen Produkte und Prozesse tats\u00e4chlich nachhaltig sind?<\/p>\n\n\n\n<p class=\"wp-container-content-cf2db169\">Hier setzt das <a href=\"https:\/\/pfi-germany.de\/de\/prufung\/prufzeichen\/#eco\"><strong>aktualisierte PFI eco-Label 2025<\/strong><\/a> an. Es wurde <strong>an die ge\u00e4nderten gesetzlichen Anforderungen angepasst<\/strong> und der <strong>Fragekatalog neu strukturiert<\/strong>, um Unternehmen auf ihrem Weg zu einer <strong>transparenten und \u00fcberpr\u00fcfbaren Nachhaltigkeitsstrategie<\/strong> zu unterst\u00fctzen.<\/p>\n\n\n\n<h2 class=\"wp-block-heading has-white-color has-custom-pfi-farbverlauf-gradient-background has-text-color has-background\" style=\"border-radius:10px;padding-top:0.5rem;padding-right:var(--wp--preset--spacing--20);padding-bottom:0.5rem;padding-left:var(--wp--preset--spacing--20);font-size:clamp(0.875rem, 0.875rem + ((1vw - 0.2rem) * 0.375), 1.1rem);\"><strong><strong><strong>Wie funktioniert die Zertifizierung?<\/strong><\/strong><\/strong><\/h2>\n\n\n\n<p class=\"wp-container-content-cf2db169\">1\ufe0f\u20e3 <strong>Fragekatalog:<\/strong> systematische Selbsteinsch\u00e4tzung, wo das Unternehmen in Sachen Nachhaltigkeit steht<br>2\ufe0f\u20e3 <strong>Audit:<\/strong> vertiefende Pr\u00fcfung relevanter Themen, mit abschlie\u00dfendem <strong>Zertifizierungsbericht<\/strong><\/p>\n\n\n\n<p>Optional kann das Label um das <strong>Zusatzmodul PEF (Product Environmental Footprint)<\/strong> erweitert werden, um die Nachhaltigkeit einzelner Produkte noch detaillierter und skalierbar nachzuweisen.<\/p>\n\n\n\n<p>Immer mehr Unternehmen setzen auf <strong>zertifizierte Nachhaltigkeit<\/strong>, um sich gegen\u00fcber Mitbewerbern zu differenzieren. Verbraucher und Partner achten zunehmend auf <strong>\u00fcberpr\u00fcfbare, transparente Nachhaltigkeitsnachweise<\/strong> \u2013 genau hier unterst\u00fctzt das PFI eco-Label.<\/p>\n\n\n\n<p>Das Label bietet nicht nur eine <strong>verl\u00e4ssliche Grundlage<\/strong>, um Erfolge zu dokumentieren, sondern <strong>begleitet Unternehmen aktiv auf ihrem Weg<\/strong>, die steigenden <strong>gesellschaftlichen und politischen Anforderungen<\/strong> zu erf\u00fcllen.<\/p>\n\n\n\n<p><strong>Fazit:<\/strong> Mit dem PFI eco-Label 2025 machen Sie Nachhaltigkeit <strong>sichtbar, glaubw\u00fcrdig und \u00fcberpr\u00fcfbar<\/strong> \u2013 f\u00fcr Ihre Kunden, Gesch\u00e4ftspartner und die Umwelt.<\/p>\n\n\n\n<h2 class=\"wp-block-heading has-white-color has-custom-pfi-farbverlauf-gradient-background has-text-color has-background\" style=\"border-radius:10px;padding-top:0.5rem;padding-right:var(--wp--preset--spacing--20);padding-bottom:0.5rem;padding-left:var(--wp--preset--spacing--20);font-size:clamp(0.875rem, 0.875rem + ((1vw - 0.2rem) * 0.375), 1.1rem);\"><strong><strong><strong><strong>Starten Sie Ihre Nachhaltigkeitsstrategie:<\/strong><\/strong><\/strong><\/strong><\/h2>\n\n\n\n<p>Lassen Sie Ihre Produkte und Produktionsprozesse vom PFI auditieren und sichern Sie sich das aktualisierte <strong>eco-Label 2025<\/strong>. Machen Sie Ihr Engagement f\u00fcr Umwelt und Verbraucher sichtbar!<\/p>\n\n\n\n<div class=\"wp-block-group alignwide has-global-padding is-content-justification-center is-layout-constrained wp-block-group-is-layout-constrained\">\n<div class=\"wp-block-columns alignwide is-layout-flex wp-container-core-columns-is-layout-28f84493 wp-block-columns-is-layout-flex\">\n<div class=\"wp-block-column is-vertically-aligned-center has-pfi-blue-color has-text-color has-link-color wp-elements-67ca7248d2df9f684ac01200ef8559e3 is-layout-flow wp-block-column-is-layout-flow\" style=\"font-style:normal;font-weight:800\">\n<h2 class=\"wp-block-heading has-text-align-center has-large-font-size\">Ihr Ansprechpartner:<\/h2>\n<\/div>\n<\/div>\n\n\n\n<div class=\"wp-block-columns are-vertically-aligned-center is-layout-flex wp-container-core-columns-is-layout-59e203da wp-block-columns-is-layout-flex\" style=\"padding-right:0;padding-left:0\">\n<div class=\"wp-block-column is-vertically-aligned-center has-pfi-grey-background-color has-background is-layout-flow wp-block-column-is-layout-flow\" style=\"border-radius:20px;padding-top:var(--wp--preset--spacing--10);padding-right:var(--wp--preset--spacing--20);padding-bottom:var(--wp--preset--spacing--10);padding-left:var(--wp--preset--spacing--20);flex-basis:100%\">\n<div class=\"wp-block-group is-vertical is-content-justification-center is-layout-flex wp-container-core-group-is-layout-63331d0c wp-block-group-is-layout-flex\" style=\"padding-top:var(--wp--preset--spacing--20);padding-right:0;padding-bottom:var(--wp--preset--spacing--20);padding-left:0\">\n<figure class=\"wp-block-image size-full is-resized has-custom-border\"><img loading=\"lazy\" decoding=\"async\" width=\"1320\" height=\"1696\" src=\"https:\/\/pfi-germany.de\/wp-content\/uploads\/2025\/06\/image00003-edited.jpeg\" alt=\"\" class=\"wp-image-6165\" style=\"border-radius:10px;width:150px\" srcset=\"https:\/\/pfi-germany.de\/wp-content\/uploads\/2025\/06\/image00003-edited.jpeg 1320w, https:\/\/pfi-germany.de\/wp-content\/uploads\/2025\/06\/image00003-edited-233x300.jpeg 233w, https:\/\/pfi-germany.de\/wp-content\/uploads\/2025\/06\/image00003-edited-797x1024.jpeg 797w, https:\/\/pfi-germany.de\/wp-content\/uploads\/2025\/06\/image00003-edited-768x987.jpeg 768w, https:\/\/pfi-germany.de\/wp-content\/uploads\/2025\/06\/image00003-edited-50x64.jpeg 50w, https:\/\/pfi-germany.de\/wp-content\/uploads\/2025\/06\/image00003-edited-1195x1536.jpeg 1195w, https:\/\/pfi-germany.de\/wp-content\/uploads\/2025\/06\/image00003-edited-9x12.jpeg 9w\" sizes=\"auto, (max-width: 1320px) 100vw, 1320px\" \/><\/figure>\n\n\n\n<div class=\"wp-block-group is-vertical is-content-justification-center is-layout-flex wp-container-core-group-is-layout-b6c1f246 wp-block-group-is-layout-flex\">\n<h3 class=\"wp-block-heading has-text-align-left has-pfi-blue-color has-text-color has-link-color wp-elements-efe159d987e04dd2eaa5db2a3810741e\" style=\"font-size:clamp(0.984rem, 0.984rem + ((1vw - 0.2rem) * 0.86), 1.5rem);\"><strong>Dr. Ines Anderie<\/strong><\/h3>\n\n\n\n<p class=\"has-text-align-center has-black-color has-text-color has-link-color wp-elements-bda3c83e68afd0c6100dda75083d7d66\"><strong>Chemische und&nbsp;mikrobiologische Analytik<\/strong><\/p>\n\n\n\n<div class=\"wp-block-group is-vertical is-layout-flex wp-container-core-group-is-layout-fe9cc265 wp-block-group-is-layout-flex\">\n<div class=\"wp-block-buttons has-custom-font-size has-white-background-color has-background has-link-color has-small-font-size wp-elements-49a294c19da72425a6f1b64f9d20dc90 is-layout-flex wp-block-buttons-is-layout-flex\" style=\"border-radius:10px;font-style:normal;font-weight:1000\">\n<div class=\"wp-block-button has-custom-font-size has-small-font-size\" style=\"font-style:normal;font-weight:1000\"><a class=\"wp-block-button__link has-pfi-blue-color has-white-background-color has-text-color has-background has-link-color wp-element-button\" href=\"tel:+4963312490712\" style=\"border-radius:10px\" target=\"_blank\" rel=\"noreferrer noopener\">\ud83d\udcde +49 6331 2490 712<\/a><\/div>\n<\/div>\n<\/div>\n\n\n\n<div class=\"wp-block-group is-vertical is-layout-flex wp-container-core-group-is-layout-fe9cc265 wp-block-group-is-layout-flex\">\n<div class=\"wp-block-buttons has-custom-font-size has-white-background-color has-background has-link-color has-small-font-size wp-elements-cd4de181155adb04492d4dfbf86dbc42 is-layout-flex wp-block-buttons-is-layout-flex\" style=\"border-radius:10px;font-style:normal;font-weight:1000\">\n<div class=\"wp-block-button has-custom-font-size has-small-font-size\" style=\"font-style:normal;font-weight:1000\"><a class=\"wp-block-button__link has-pfi-blue-color has-white-background-color has-text-color has-background has-link-color wp-element-button\" href=\"mailto:ines.anderie@pfi-germany.de\" style=\"border-radius:10px\" target=\"_blank\" rel=\"noreferrer noopener\">\u2709\ufe0f  E-Mail schreiben <\/a><\/div>\n<\/div>\n<\/div>\n<\/div>\n<\/div>\n<\/div>\n<\/div>\n<\/div>\n<\/div>\n<\/div>\n<\/div>\n<\/div>\n\n\n\n<div class=\"wp-block-group is-layout-flow wp-block-group-is-layout-flow\" style=\"padding-right:0;padding-left:0\">\n<div class=\"wp-block-group alignfull is-content-justification-center is-nowrap is-layout-flex wp-container-core-group-is-layout-023ea1b8 wp-block-group-is-layout-flex\" style=\"margin-top:0;margin-bottom:0;padding-top:var(--wp--preset--spacing--20);padding-bottom:var(--wp--preset--spacing--20)\">\n<div class=\"gradient-separator-up\"><\/div>\n<\/div>\n\n\n\n<p class=\"has-text-align-center wp-container-content-0733e5d0\"><strong>Jetzt zum Newsletter anmelden und immer informiert bleiben!<\/strong><\/p>\n\n\n\n<p class=\"has-text-align-center wp-container-content-0733e5d0\">Hat Ihnen unser Blogartikel gefallen? Dann melden Sie sich am besten gleich f\u00fcr unseren Newsletter an! Dieser erscheint quartalsweise und versorgt Sie mit spannenden Einblicken rund um das PFI. Aktuelle Themen rund um Forschung, Entwicklung und Pr\u00fcfung &#8211; bleiben Sie informiert und immer auf dem neuesten Stand!&nbsp;<\/p>\n\n\n\n<div class=\"wp-block-buttons is-content-justification-center is-layout-flex wp-container-core-buttons-is-layout-10860990 wp-block-buttons-is-layout-flex\" style=\"padding-top:var(--wp--preset--spacing--10);padding-bottom:var(--wp--preset--spacing--10)\">\n<div class=\"wp-block-button has-custom-font-size\" style=\"font-size:clamp(0.875rem, 0.875rem + ((1vw - 0.2rem) * 0.708), 1.3rem);\"><a class=\"wp-block-button__link has-white-color has-pfi-blue-background-color has-text-color has-background has-link-color wp-element-button\" href=\"https:\/\/pfi-germany.de\/newsletteranmeldung\/\" style=\"padding-right:var(--wp--preset--spacing--30);padding-left:var(--wp--preset--spacing--30)\">Newsletteranmeldung<\/a><\/div>\n<\/div>\n<\/div>\n","protected":false},"excerpt":{"rendered":"<p>Neues Dach, neue M\u00f6glichkeiten: Unsere Biogasanlage wurde im September 2025 modernisiert. Das Tragluftdach steigert Effizienz, Flexibilit\u00e4t und Nachhaltigkeit \u2013 ein wichtiger Schritt f\u00fcr die Energieversorgung von morgen.<\/p>\n","protected":false},"author":4,"featured_media":13350,"comment_status":"closed","ping_status":"closed","sticky":false,"template":"blog-allgm","format":"standard","meta":{"footnotes":""},"categories":[55,9],"tags":[49,53],"class_list":["post-13348","post","type-post","status-publish","format-standard","has-post-thumbnail","hentry","category-pfi-blog","category-news","tag-pruefung","tag-pruefzeichen"],"yoast_head":"<!-- This site is optimized with the Yoast SEO plugin v27.3 - https:\/\/yoast.com\/product\/yoast-seo-wordpress\/ -->\n<title>Update PFI eco-Label 2025<\/title>\n<meta name=\"description\" content=\"Mit dem PFI eco-Label 2025 bieten Sie Ihren Kunden eine transparente und \u00fcberpr\u00fcfbare Nachhaltigkeitszertifizierung. Erf\u00fcllen Sie die steigenden Anforderungen an nachhaltiges Handeln.\" \/>\n<meta name=\"robots\" content=\"index, follow, max-snippet:-1, max-image-preview:large, max-video-preview:-1\" \/>\n<link rel=\"canonical\" href=\"https:\/\/pfi-germany.de\/de\/update-eco-label-2025\/\" \/>\n<meta property=\"og:locale\" content=\"de_DE\" \/>\n<meta property=\"og:type\" content=\"article\" \/>\n<meta property=\"og:title\" content=\"Update PFI eco-Label 2025\" \/>\n<meta property=\"og:description\" content=\"Mit dem PFI eco-Label 2025 bieten Sie Ihren Kunden eine transparente und \u00fcberpr\u00fcfbare Nachhaltigkeitszertifizierung. Erf\u00fcllen Sie die steigenden Anforderungen an nachhaltiges Handeln.\" \/>\n<meta property=\"og:url\" content=\"https:\/\/pfi-germany.de\/de\/update-eco-label-2025\/\" \/>\n<meta property=\"og:site_name\" content=\"Pr\u00fcf- und Forschungsinstitut Pirmasens e.V.\" \/>\n<meta property=\"article:publisher\" content=\"https:\/\/www.facebook.com\/people\/Pruef-und-Forschungsinstitut-Pirmasens-e-V\/100057088164342\/\" \/>\n<meta property=\"article:published_time\" content=\"2025-10-23T13:39:07+00:00\" \/>\n<meta property=\"og:image\" content=\"https:\/\/pfi-germany.de\/wp-content\/uploads\/2025\/10\/20251029_MM_Aktualisierung-eco-Label.jpg\" \/>\n\t<meta property=\"og:image:width\" content=\"1080\" \/>\n\t<meta property=\"og:image:height\" content=\"1350\" \/>\n\t<meta property=\"og:image:type\" content=\"image\/jpeg\" \/>\n<meta name=\"author\" content=\"SSchaefer\" \/>\n<meta name=\"twitter:card\" content=\"summary_large_image\" \/>\n<meta name=\"twitter:label1\" content=\"Verfasst von\" \/>\n\t<meta name=\"twitter:data1\" content=\"SSchaefer\" \/>\n\t<meta name=\"twitter:label2\" content=\"Gesch\u00e4tzte Lesezeit\" \/>\n\t<meta name=\"twitter:data2\" content=\"4\u00a0Minuten\" \/>\n<script type=\"application\/ld+json\" class=\"yoast-schema-graph\">{\"@context\":\"https:\\\/\\\/schema.org\",\"@graph\":[{\"@type\":\"Article\",\"@id\":\"https:\\\/\\\/pfi-germany.de\\\/en\\\/update-eco-label-2025\\\/#article\",\"isPartOf\":{\"@id\":\"https:\\\/\\\/pfi-germany.de\\\/en\\\/update-eco-label-2025\\\/\"},\"author\":{\"name\":\"SSchaefer\",\"@id\":\"https:\\\/\\\/pfi-germany.de\\\/de\\\/#\\\/schema\\\/person\\\/3fdc587dbd4a7441ddae9c5c0a3623f2\"},\"headline\":\"PFI eco-Label 2025: Nachhaltigkeit sichtbar, \u00fcberpr\u00fcfbar und glaubw\u00fcrdig\",\"datePublished\":\"2025-10-23T13:39:07+00:00\",\"mainEntityOfPage\":{\"@id\":\"https:\\\/\\\/pfi-germany.de\\\/en\\\/update-eco-label-2025\\\/\"},\"wordCount\":256,\"publisher\":{\"@id\":\"https:\\\/\\\/pfi-germany.de\\\/de\\\/#organization\"},\"image\":{\"@id\":\"https:\\\/\\\/pfi-germany.de\\\/en\\\/update-eco-label-2025\\\/#primaryimage\"},\"thumbnailUrl\":\"https:\\\/\\\/pfi-germany.de\\\/wp-content\\\/uploads\\\/2025\\\/10\\\/20251029_MM_Aktualisierung-eco-Label.jpg\",\"keywords\":[\"#pr\u00fcfung\",\"#pr\u00fcfzeichen\"],\"articleSection\":[\"Fachwissen &amp; Insights\",\"News aus dem Institut\"],\"inLanguage\":\"de\"},{\"@type\":\"WebPage\",\"@id\":\"https:\\\/\\\/pfi-germany.de\\\/en\\\/update-eco-label-2025\\\/\",\"url\":\"https:\\\/\\\/pfi-germany.de\\\/en\\\/update-eco-label-2025\\\/\",\"name\":\"Update PFI eco-Label 2025\",\"isPartOf\":{\"@id\":\"https:\\\/\\\/pfi-germany.de\\\/de\\\/#website\"},\"primaryImageOfPage\":{\"@id\":\"https:\\\/\\\/pfi-germany.de\\\/en\\\/update-eco-label-2025\\\/#primaryimage\"},\"image\":{\"@id\":\"https:\\\/\\\/pfi-germany.de\\\/en\\\/update-eco-label-2025\\\/#primaryimage\"},\"thumbnailUrl\":\"https:\\\/\\\/pfi-germany.de\\\/wp-content\\\/uploads\\\/2025\\\/10\\\/20251029_MM_Aktualisierung-eco-Label.jpg\",\"datePublished\":\"2025-10-23T13:39:07+00:00\",\"description\":\"Mit dem PFI eco-Label 2025 bieten Sie Ihren Kunden eine transparente und \u00fcberpr\u00fcfbare Nachhaltigkeitszertifizierung. Erf\u00fcllen Sie die steigenden Anforderungen an nachhaltiges Handeln.\",\"breadcrumb\":{\"@id\":\"https:\\\/\\\/pfi-germany.de\\\/en\\\/update-eco-label-2025\\\/#breadcrumb\"},\"inLanguage\":\"de\",\"potentialAction\":[{\"@type\":\"ReadAction\",\"target\":[\"https:\\\/\\\/pfi-germany.de\\\/en\\\/update-eco-label-2025\\\/\"]}]},{\"@type\":\"ImageObject\",\"inLanguage\":\"de\",\"@id\":\"https:\\\/\\\/pfi-germany.de\\\/en\\\/update-eco-label-2025\\\/#primaryimage\",\"url\":\"https:\\\/\\\/pfi-germany.de\\\/wp-content\\\/uploads\\\/2025\\\/10\\\/20251029_MM_Aktualisierung-eco-Label.jpg\",\"contentUrl\":\"https:\\\/\\\/pfi-germany.de\\\/wp-content\\\/uploads\\\/2025\\\/10\\\/20251029_MM_Aktualisierung-eco-Label.jpg\",\"width\":1080,\"height\":1350},{\"@type\":\"BreadcrumbList\",\"@id\":\"https:\\\/\\\/pfi-germany.de\\\/en\\\/update-eco-label-2025\\\/#breadcrumb\",\"itemListElement\":[{\"@type\":\"ListItem\",\"position\":1,\"name\":\"Home\",\"item\":\"https:\\\/\\\/pfi-germany.de\\\/\"},{\"@type\":\"ListItem\",\"position\":2,\"name\":\"PFI eco-Label 2025: Nachhaltigkeit sichtbar, \u00fcberpr\u00fcfbar und glaubw\u00fcrdig\"}]},{\"@type\":\"WebSite\",\"@id\":\"https:\\\/\\\/pfi-germany.de\\\/de\\\/#website\",\"url\":\"https:\\\/\\\/pfi-germany.de\\\/de\\\/\",\"name\":\"PFI 2024\",\"description\":\"\",\"publisher\":{\"@id\":\"https:\\\/\\\/pfi-germany.de\\\/de\\\/#organization\"},\"potentialAction\":[{\"@type\":\"SearchAction\",\"target\":{\"@type\":\"EntryPoint\",\"urlTemplate\":\"https:\\\/\\\/pfi-germany.de\\\/de\\\/?s={search_term_string}\"},\"query-input\":{\"@type\":\"PropertyValueSpecification\",\"valueRequired\":true,\"valueName\":\"search_term_string\"}}],\"inLanguage\":\"de\"},{\"@type\":\"Organization\",\"@id\":\"https:\\\/\\\/pfi-germany.de\\\/de\\\/#organization\",\"name\":\"PFI 2024\",\"url\":\"https:\\\/\\\/pfi-germany.de\\\/de\\\/\",\"logo\":{\"@type\":\"ImageObject\",\"inLanguage\":\"de\",\"@id\":\"https:\\\/\\\/pfi-germany.de\\\/de\\\/#\\\/schema\\\/logo\\\/image\\\/\",\"url\":\"https:\\\/\\\/pfi-germany.de\\\/wp-content\\\/uploads\\\/2024\\\/09\\\/logo.jpg\",\"contentUrl\":\"https:\\\/\\\/pfi-germany.de\\\/wp-content\\\/uploads\\\/2024\\\/09\\\/logo.jpg\",\"width\":329,\"height\":120,\"caption\":\"PFI 2024\"},\"image\":{\"@id\":\"https:\\\/\\\/pfi-germany.de\\\/de\\\/#\\\/schema\\\/logo\\\/image\\\/\"},\"sameAs\":[\"https:\\\/\\\/www.facebook.com\\\/people\\\/Pruef-und-Forschungsinstitut-Pirmasens-e-V\\\/100057088164342\\\/\",\"https:\\\/\\\/www.instagram.com\\\/pfi_germany\\\/\",\"https:\\\/\\\/www.youtube.com\\\/channel\\\/UCITCYhey0fqJRRjiH7Gw3sg\",\"https:\\\/\\\/de.linkedin.com\\\/company\\\/pfi-germany\"]},{\"@type\":\"Person\",\"@id\":\"https:\\\/\\\/pfi-germany.de\\\/de\\\/#\\\/schema\\\/person\\\/3fdc587dbd4a7441ddae9c5c0a3623f2\",\"name\":\"SSchaefer\",\"image\":{\"@type\":\"ImageObject\",\"inLanguage\":\"de\",\"@id\":\"https:\\\/\\\/secure.gravatar.com\\\/avatar\\\/4cdc792ce8845448b375e79a6ab7c785431420281219e84046192c8133223580?s=96&d=mm&r=g\",\"url\":\"https:\\\/\\\/secure.gravatar.com\\\/avatar\\\/4cdc792ce8845448b375e79a6ab7c785431420281219e84046192c8133223580?s=96&d=mm&r=g\",\"contentUrl\":\"https:\\\/\\\/secure.gravatar.com\\\/avatar\\\/4cdc792ce8845448b375e79a6ab7c785431420281219e84046192c8133223580?s=96&d=mm&r=g\",\"caption\":\"SSchaefer\"},\"url\":\"https:\\\/\\\/pfi-germany.de\\\/de\\\/author\\\/sschaefer\\\/\"}]}<\/script>\n<!-- \/ Yoast SEO plugin. -->","yoast_head_json":{"title":"Update PFI eco-Label 2025","description":"Mit dem PFI eco-Label 2025 bieten Sie Ihren Kunden eine transparente und \u00fcberpr\u00fcfbare Nachhaltigkeitszertifizierung. Erf\u00fcllen Sie die steigenden Anforderungen an nachhaltiges Handeln.","robots":{"index":"index","follow":"follow","max-snippet":"max-snippet:-1","max-image-preview":"max-image-preview:large","max-video-preview":"max-video-preview:-1"},"canonical":"https:\/\/pfi-germany.de\/de\/update-eco-label-2025\/","og_locale":"de_DE","og_type":"article","og_title":"Update PFI eco-Label 2025","og_description":"Mit dem PFI eco-Label 2025 bieten Sie Ihren Kunden eine transparente und \u00fcberpr\u00fcfbare Nachhaltigkeitszertifizierung. Erf\u00fcllen Sie die steigenden Anforderungen an nachhaltiges Handeln.","og_url":"https:\/\/pfi-germany.de\/de\/update-eco-label-2025\/","og_site_name":"Pr\u00fcf- und Forschungsinstitut Pirmasens e.V.","article_publisher":"https:\/\/www.facebook.com\/people\/Pruef-und-Forschungsinstitut-Pirmasens-e-V\/100057088164342\/","article_published_time":"2025-10-23T13:39:07+00:00","og_image":[{"width":1080,"height":1350,"url":"https:\/\/pfi-germany.de\/wp-content\/uploads\/2025\/10\/20251029_MM_Aktualisierung-eco-Label.jpg","type":"image\/jpeg"}],"author":"SSchaefer","twitter_card":"summary_large_image","twitter_misc":{"Verfasst von":"SSchaefer","Gesch\u00e4tzte Lesezeit":"4\u00a0Minuten"},"schema":{"@context":"https:\/\/schema.org","@graph":[{"@type":"Article","@id":"https:\/\/pfi-germany.de\/en\/update-eco-label-2025\/#article","isPartOf":{"@id":"https:\/\/pfi-germany.de\/en\/update-eco-label-2025\/"},"author":{"name":"SSchaefer","@id":"https:\/\/pfi-germany.de\/de\/#\/schema\/person\/3fdc587dbd4a7441ddae9c5c0a3623f2"},"headline":"PFI eco-Label 2025: Nachhaltigkeit sichtbar, \u00fcberpr\u00fcfbar und glaubw\u00fcrdig","datePublished":"2025-10-23T13:39:07+00:00","mainEntityOfPage":{"@id":"https:\/\/pfi-germany.de\/en\/update-eco-label-2025\/"},"wordCount":256,"publisher":{"@id":"https:\/\/pfi-germany.de\/de\/#organization"},"image":{"@id":"https:\/\/pfi-germany.de\/en\/update-eco-label-2025\/#primaryimage"},"thumbnailUrl":"https:\/\/pfi-germany.de\/wp-content\/uploads\/2025\/10\/20251029_MM_Aktualisierung-eco-Label.jpg","keywords":["#pr\u00fcfung","#pr\u00fcfzeichen"],"articleSection":["Fachwissen &amp; Insights","News aus dem Institut"],"inLanguage":"de"},{"@type":"WebPage","@id":"https:\/\/pfi-germany.de\/en\/update-eco-label-2025\/","url":"https:\/\/pfi-germany.de\/en\/update-eco-label-2025\/","name":"Update PFI eco-Label 2025","isPartOf":{"@id":"https:\/\/pfi-germany.de\/de\/#website"},"primaryImageOfPage":{"@id":"https:\/\/pfi-germany.de\/en\/update-eco-label-2025\/#primaryimage"},"image":{"@id":"https:\/\/pfi-germany.de\/en\/update-eco-label-2025\/#primaryimage"},"thumbnailUrl":"https:\/\/pfi-germany.de\/wp-content\/uploads\/2025\/10\/20251029_MM_Aktualisierung-eco-Label.jpg","datePublished":"2025-10-23T13:39:07+00:00","description":"Mit dem PFI eco-Label 2025 bieten Sie Ihren Kunden eine transparente und \u00fcberpr\u00fcfbare Nachhaltigkeitszertifizierung. Erf\u00fcllen Sie die steigenden Anforderungen an nachhaltiges Handeln.","breadcrumb":{"@id":"https:\/\/pfi-germany.de\/en\/update-eco-label-2025\/#breadcrumb"},"inLanguage":"de","potentialAction":[{"@type":"ReadAction","target":["https:\/\/pfi-germany.de\/en\/update-eco-label-2025\/"]}]},{"@type":"ImageObject","inLanguage":"de","@id":"https:\/\/pfi-germany.de\/en\/update-eco-label-2025\/#primaryimage","url":"https:\/\/pfi-germany.de\/wp-content\/uploads\/2025\/10\/20251029_MM_Aktualisierung-eco-Label.jpg","contentUrl":"https:\/\/pfi-germany.de\/wp-content\/uploads\/2025\/10\/20251029_MM_Aktualisierung-eco-Label.jpg","width":1080,"height":1350},{"@type":"BreadcrumbList","@id":"https:\/\/pfi-germany.de\/en\/update-eco-label-2025\/#breadcrumb","itemListElement":[{"@type":"ListItem","position":1,"name":"Home","item":"https:\/\/pfi-germany.de\/"},{"@type":"ListItem","position":2,"name":"PFI eco-Label 2025: Nachhaltigkeit sichtbar, \u00fcberpr\u00fcfbar und glaubw\u00fcrdig"}]},{"@type":"WebSite","@id":"https:\/\/pfi-germany.de\/de\/#website","url":"https:\/\/pfi-germany.de\/de\/","name":"PFI 2024","description":"","publisher":{"@id":"https:\/\/pfi-germany.de\/de\/#organization"},"potentialAction":[{"@type":"SearchAction","target":{"@type":"EntryPoint","urlTemplate":"https:\/\/pfi-germany.de\/de\/?s={search_term_string}"},"query-input":{"@type":"PropertyValueSpecification","valueRequired":true,"valueName":"search_term_string"}}],"inLanguage":"de"},{"@type":"Organization","@id":"https:\/\/pfi-germany.de\/de\/#organization","name":"PFI 2024","url":"https:\/\/pfi-germany.de\/de\/","logo":{"@type":"ImageObject","inLanguage":"de","@id":"https:\/\/pfi-germany.de\/de\/#\/schema\/logo\/image\/","url":"https:\/\/pfi-germany.de\/wp-content\/uploads\/2024\/09\/logo.jpg","contentUrl":"https:\/\/pfi-germany.de\/wp-content\/uploads\/2024\/09\/logo.jpg","width":329,"height":120,"caption":"PFI 2024"},"image":{"@id":"https:\/\/pfi-germany.de\/de\/#\/schema\/logo\/image\/"},"sameAs":["https:\/\/www.facebook.com\/people\/Pruef-und-Forschungsinstitut-Pirmasens-e-V\/100057088164342\/","https:\/\/www.instagram.com\/pfi_germany\/","https:\/\/www.youtube.com\/channel\/UCITCYhey0fqJRRjiH7Gw3sg","https:\/\/de.linkedin.com\/company\/pfi-germany"]},{"@type":"Person","@id":"https:\/\/pfi-germany.de\/de\/#\/schema\/person\/3fdc587dbd4a7441ddae9c5c0a3623f2","name":"SSchaefer","image":{"@type":"ImageObject","inLanguage":"de","@id":"https:\/\/secure.gravatar.com\/avatar\/4cdc792ce8845448b375e79a6ab7c785431420281219e84046192c8133223580?s=96&d=mm&r=g","url":"https:\/\/secure.gravatar.com\/avatar\/4cdc792ce8845448b375e79a6ab7c785431420281219e84046192c8133223580?s=96&d=mm&r=g","contentUrl":"https:\/\/secure.gravatar.com\/avatar\/4cdc792ce8845448b375e79a6ab7c785431420281219e84046192c8133223580?s=96&d=mm&r=g","caption":"SSchaefer"},"url":"https:\/\/pfi-germany.de\/de\/author\/sschaefer\/"}]}},"_links":{"self":[{"href":"https:\/\/pfi-germany.de\/de\/wp-json\/wp\/v2\/posts\/13348","targetHints":{"allow":["GET"]}}],"collection":[{"href":"https:\/\/pfi-germany.de\/de\/wp-json\/wp\/v2\/posts"}],"about":[{"href":"https:\/\/pfi-germany.de\/de\/wp-json\/wp\/v2\/types\/post"}],"author":[{"embeddable":true,"href":"https:\/\/pfi-germany.de\/de\/wp-json\/wp\/v2\/users\/4"}],"replies":[{"embeddable":true,"href":"https:\/\/pfi-germany.de\/de\/wp-json\/wp\/v2\/comments?post=13348"}],"version-history":[{"count":2,"href":"https:\/\/pfi-germany.de\/de\/wp-json\/wp\/v2\/posts\/13348\/revisions"}],"predecessor-version":[{"id":13356,"href":"https:\/\/pfi-germany.de\/de\/wp-json\/wp\/v2\/posts\/13348\/revisions\/13356"}],"wp:featuredmedia":[{"embeddable":true,"href":"https:\/\/pfi-germany.de\/de\/wp-json\/wp\/v2\/media\/13350"}],"wp:attachment":[{"href":"https:\/\/pfi-germany.de\/de\/wp-json\/wp\/v2\/media?parent=13348"}],"wp:term":[{"taxonomy":"category","embeddable":true,"href":"https:\/\/pfi-germany.de\/de\/wp-json\/wp\/v2\/categories?post=13348"},{"taxonomy":"post_tag","embeddable":true,"href":"https:\/\/pfi-germany.de\/de\/wp-json\/wp\/v2\/tags?post=13348"}],"curies":[{"name":"wp","href":"https:\/\/api.w.org\/{rel}","templated":true}]}}